{"id":1002,"date":"2020-06-25T17:17:11","date_gmt":"2020-06-25T20:17:11","guid":{"rendered":"https:\/\/www.suave.ppg.br\/blog\/?p=1002"},"modified":"2022-01-11T15:15:31","modified_gmt":"2022-01-11T17:15:31","slug":"marcas-encontram-solucoes-para-festas-em-meio-a-pandemia-suave","status":"publish","type":"post","link":"https:\/\/www.suave.ppg.br\/blog\/marcas-encontram-solucoes-para-festas-em-meio-a-pandemia-suave\/","title":{"rendered":"Marcas encontram novas formas para celebrar e as tradi\u00e7\u00f5es juninas s\u00e3o mantidas"},"content":{"rendered":"\n<p>Maio, junho e julho s\u00e3o meses emblem\u00e1ticos para os adoradores das t\u00e3o aguardadas quermesses, festas juninas, festas de S\u00e3o Jo\u00e3o e afins. E, justamente neste momento, vivemos o pico da pandemia e a necessidade ainda maior do isolamento social. Nas redes sociais, \u00e9 unanimidade a decep\u00e7\u00e3o das pessoas de estarem perdendo todas as divers\u00f5es proporcionadas por essas comemora\u00e7\u00f5es, entre elas as comidas, as brincadeiras, as dan\u00e7as e as roupas t\u00edpicas que nos acompanham desde a inf\u00e2ncia.<\/p>\n\n\n\n<p>A festa, que deveria ter car\u00e1ter religioso, por ser em comemora\u00e7\u00e3o a tr\u00eas santos: Santo Ant\u00f4nio (11\/06), S\u00e3o Jo\u00e3o (24\/06) e S\u00e3o Pedro (29\/06), acabou se tornando uma grande mistura cultural, com interfer\u00eancias do folclore de cada regi\u00e3o onde \u00e9 celebrada.<\/p>\n\n\n\n<p>Como a \u00fanica op\u00e7\u00e3o no momento \u00e9 migrar do formato tradicional das grandes festas, para a reuni\u00f5es familiares que incluem apenas os moradores da mesma casa, as marcas alteraram seus posicionamentos, mas n\u00e3o deixaram de estimular as comemora\u00e7\u00f5es, que ganharam formatos mais intimistas ou at\u00e9 mesmo virtual.<\/p>\n\n\n\n<p class=\"has-medium-font-size\"><strong>Arrai\u00e1 da Fam\u00edlia<\/strong><\/p>\n\n\n\n<figure class=\"wp-block-image\"><img loading=\"lazy\" decoding=\"async\" width=\"1080\" height=\"1080\" src=\"https:\/\/www.suave.ppg.br\/blog\/wp-content\/uploads\/2020\/06\/Santa_Helena_Festa_JUN_02_SP.png\" alt=\"\" class=\"wp-image-1005\" srcset=\"https:\/\/www.suave.ppg.br\/blog\/wp-content\/uploads\/2020\/06\/Santa_Helena_Festa_JUN_02_SP.png 1080w, https:\/\/www.suave.ppg.br\/blog\/wp-content\/uploads\/2020\/06\/Santa_Helena_Festa_JUN_02_SP-150x150.png 150w, https:\/\/www.suave.ppg.br\/blog\/wp-content\/uploads\/2020\/06\/Santa_Helena_Festa_JUN_02_SP-300x300.png 300w, https:\/\/www.suave.ppg.br\/blog\/wp-content\/uploads\/2020\/06\/Santa_Helena_Festa_JUN_02_SP-768x768.png 768w, https:\/\/www.suave.ppg.br\/blog\/wp-content\/uploads\/2020\/06\/Santa_Helena_Festa_JUN_02_SP-360x360.png 360w\" sizes=\"(max-width: 1080px) 100vw, 1080px\" \/><\/figure>\n\n\n\n<p>Assim foi a estrat\u00e9gia desenvolvida pela Suave para o Tonin Supermercado e Superatacado. O \u201cArrai\u00e1 da Fam\u00edlia\u201d estimulou os clientes a manterem suas comemora\u00e7\u00f5es, dentro de casa, mas com muita comida boa, receitas t\u00edpicas e bebidas da tradicional festan\u00e7a. Nas redes sociais e no site foram compartilhadas receitas feitas com a parceria de influenciadoras digitais e marcas comercializadas pela rede.<\/p>\n\n\n\n<p>De acordo com Carol Suave, diretora da Suave, a estrat\u00e9gia j\u00e1 vinha sendo elaborada meses antes no lan\u00e7amento da campanha. \u201cJunho \u00e9 um m\u00eas com duas datas importantes, Dia dos Namorados e Festa Junina, o trabalho foi focado em elaborar duas campanhas diferentes, que acontecessem em paralelo e que conversassem em diferentes momentos, tanto nos materiais de varejo \u2013 folhetos e ofertas \u2013, como para o engajamento nas m\u00eddias sociais\u201d, explica.<\/p>\n\n\n\n<p>No Instagram e Facebook do cliente tamb\u00e9m foram compartilhadas dicas de looks, brincadeiras e uma s\u00e9rie de correios elegantes que deixaram o momento mais descontra\u00eddo, estimulando a paquera online.<\/p>\n\n\n\n<hr class=\"wp-block-separator\"\/>\n\n\n\n<div class=\"wp-block-media-text alignwide is-stacked-on-mobile\"><figure class=\"wp-block-media-text__media\"><img loading=\"lazy\" decoding=\"async\" width=\"289\" height=\"333\" src=\"https:\/\/www.suave.ppg.br\/blog\/wp-content\/uploads\/2020\/06\/Carol.png\" alt=\"\" class=\"wp-image-1004 size-full\" srcset=\"https:\/\/www.suave.ppg.br\/blog\/wp-content\/uploads\/2020\/06\/Carol.png 289w, https:\/\/www.suave.ppg.br\/blog\/wp-content\/uploads\/2020\/06\/Carol-260x300.png 260w\" sizes=\"(max-width: 289px) 100vw, 289px\" \/><\/figure><div class=\"wp-block-media-text__content\">\n<p>\n\n\u201cEste \u00e9 o papel das empresas, marcas e ag\u00eancias, agora. Apresentar solu\u00e7\u00f5es para cativar os clientes, oferecendo novas formas para que eles continuem vivendo a vida com a seriedade que o momento exige, mas colaborando para deixar mais leve o dia a dia, com criatividade e economia, que tamb\u00e9m \u00e9 a grande proposta do Tonin, n\u00e3o s\u00f3 neste momento\u201d, comenta Carol.\n\n<\/p>\n<\/div><\/div>\n\n\n\n<hr class=\"wp-block-separator\"\/>\n\n\n\n<p class=\"has-medium-font-size\"><strong>Mercado<\/strong><\/p>\n\n\n\n<p>Entre as apostas para cativar o p\u00fablico est\u00e3o o patroc\u00ednio as lives tem\u00e1ticas com grandes artistas, como aconteceu com Ivete Sangalo, Gustavo Mioto e Wesley Safad\u00e3o. Um dos grandes nomes do mercado de bebidas, a Brahma investiu na campanha \u201cVai ter S\u00e3o Jo\u00e3o, sim\u201d. No hotsite, a marca oferece programa\u00e7\u00e3o de lives, kits de produtos tem\u00e1ticos que podem ser adquiridos pelo Magalu, brincadeiras como argolas e pescaria para serem baixadas direto no celular e uma competi\u00e7\u00e3o entre os internautas da foto com mais RT no Twitter.<\/p>\n\n\n\n<p>A Yoki e a Santa Helena, marcas que tem apelo sazonal fortemente explorado nesta \u00e9poca, tamb\u00e9m bolaram diferentes conte\u00fados em suas p\u00e1ginas e redes sociais. Na \u201cYokermesse\u201d o p\u00fablico tem acesso a dicas de&nbsp;brincadeiras, dan\u00e7as, decora\u00e7\u00e3o e receitas. No dia 27, a grande quadrilha fica por conta da dupla Simone e Simaria, em live no Youtube.<\/p>\n\n\n\n<p>Eu acredito que \u00e9 uma forma de contar os dias incertos e de inseguran\u00e7a insetivo faz com que o dia fique mais leve e diferente.<\/p>\n\n\n\n<p>J\u00e1 no hotsite da Santa Helena, al\u00e9m das dicas de receitas e brincadeiras tem\u00e1ticas, h\u00e1 tamb\u00e9m a possibilidade de calcular a quantidade perfeita de quitutes para cada pessoa e j\u00e1 fazer seu pedido de kits online. Com o patroc\u00ednio da marca, tamb\u00e9m acontecem diferentes programa\u00e7\u00f5es ao vivo no Youtube.<\/p>\n\n\n\n<figure class=\"wp-block-image\"><img loading=\"lazy\" decoding=\"async\" width=\"1080\" height=\"1080\" src=\"https:\/\/www.suave.ppg.br\/blog\/wp-content\/uploads\/2020\/06\/Post_Vinho_Quente-1.jpg\" alt=\"\" class=\"wp-image-1009\" srcset=\"https:\/\/www.suave.ppg.br\/blog\/wp-content\/uploads\/2020\/06\/Post_Vinho_Quente-1.jpg 1080w, https:\/\/www.suave.ppg.br\/blog\/wp-content\/uploads\/2020\/06\/Post_Vinho_Quente-1-150x150.jpg 150w, https:\/\/www.suave.ppg.br\/blog\/wp-content\/uploads\/2020\/06\/Post_Vinho_Quente-1-300x300.jpg 300w, https:\/\/www.suave.ppg.br\/blog\/wp-content\/uploads\/2020\/06\/Post_Vinho_Quente-1-768x768.jpg 768w, https:\/\/www.suave.ppg.br\/blog\/wp-content\/uploads\/2020\/06\/Post_Vinho_Quente-1-360x360.jpg 360w\" sizes=\"(max-width: 1080px) 100vw, 1080px\" \/><\/figure>\n\n\n\n<p class=\"has-medium-font-size\"><strong>Oportunidade de neg\u00f3cios<\/strong><\/p>\n\n\n\n<p>O momento \u00e9 tamb\u00e9m explorado pelos estabelecimentos que est\u00e3o trabalhando com delivery, principalmente no segmento da alimenta\u00e7\u00e3o. Divulga\u00e7\u00e3o de pratos t\u00edpicos feitos com a receita da vov\u00f3, chamam a aten\u00e7\u00e3o de quem rola os feeds das principais redes sociais. \u00c9 assim, com criatividade e empreendedorismo, que pequenos neg\u00f3cios encontram novos caminhos e conquistam aqueles que amam um quitute t\u00edpico e n\u00e3o querem deixar uma das festas mais divertidas do calend\u00e1rio nacional passar em branco.&nbsp;<br><\/p>\n","protected":false},"excerpt":{"rendered":"<p>Maio, junho e julho s\u00e3o meses emblem\u00e1ticos para os adoradores das t\u00e3o aguardadas quermesses, festas juninas, festas de S\u00e3o Jo\u00e3o e afins. E, justamente neste momento, vivemos o pico da pandemia e a necessidade ainda maior do isolamento social. Nas redes sociais, \u00e9 unanimidade a decep\u00e7\u00e3o das pessoas de estarem perdendo todas as divers\u00f5es proporcionadas [&hellip;]<\/p>\n","protected":false},"author":14,"featured_media":1003,"comment_status":"open","ping_status":"open","sticky":false,"template":"","format":"standard","meta":{"footnotes":""},"categories":[1],"tags":[],"class_list":["post-1002","post","type-post","status-publish","format-standard","has-post-thumbnail","hentry","category-sem-categoria"],"yoast_head":"<!-- This site is optimized with the Yoast SEO plugin v23.4 - https:\/\/yoast.com\/wordpress\/plugins\/seo\/ -->\n<title>Marcas encontram solu\u00e7\u00f5es para festas em meio a pandemia | Suave<\/title>\n<meta name=\"description\" content=\"Com esses tempos de crise, as comemora\u00e7\u00f5es ficam restritas. Veja solu\u00e7\u00f5es que algumas marcas criaram para n\u00e3o perderem as festas juninas nesse cen\u00e1rio!\" \/>\n<meta name=\"robots\" content=\"index, follow, max-snippet:-1, max-image-preview:large, max-video-preview:-1\" \/>\n<link rel=\"canonical\" href=\"https:\/\/www.suave.ppg.br\/blog\/marcas-encontram-solucoes-para-festas-em-meio-a-pandemia-suave\/\" \/>\n<meta property=\"og:locale\" content=\"pt_BR\" \/>\n<meta property=\"og:type\" content=\"article\" \/>\n<meta property=\"og:title\" content=\"Marcas encontram solu\u00e7\u00f5es para festas em meio a pandemia | Suave\" \/>\n<meta property=\"og:description\" content=\"Com esses tempos de crise, as comemora\u00e7\u00f5es ficam restritas. Veja solu\u00e7\u00f5es que algumas marcas criaram para n\u00e3o perderem as festas juninas nesse cen\u00e1rio!\" \/>\n<meta property=\"og:url\" content=\"https:\/\/www.suave.ppg.br\/blog\/marcas-encontram-solucoes-para-festas-em-meio-a-pandemia-suave\/\" \/>\n<meta property=\"og:site_name\" content=\"Confira os melhores conte\u00fados sobre comunica\u00e7\u00e3o e marketing de Ribeir\u00e3o Preto\" \/>\n<meta property=\"article:published_time\" content=\"2020-06-25T20:17:11+00:00\" \/>\n<meta property=\"article:modified_time\" content=\"2022-01-11T17:15:31+00:00\" \/>\n<meta property=\"og:image\" content=\"https:\/\/www.suave.ppg.br\/blog\/wp-content\/uploads\/2020\/06\/iStock-836431098-1220x813.jpg\" \/>\n\t<meta property=\"og:image:width\" content=\"1220\" \/>\n\t<meta property=\"og:image:height\" content=\"813\" \/>\n\t<meta property=\"og:image:type\" content=\"image\/jpeg\" \/>\n<meta name=\"author\" content=\"Juliana Dias\" \/>\n<meta name=\"twitter:card\" content=\"summary_large_image\" \/>\n<meta name=\"twitter:label1\" content=\"Escrito por\" \/>\n\t<meta name=\"twitter:data1\" content=\"Juliana Dias\" \/>\n\t<meta name=\"twitter:label2\" content=\"Est. tempo de leitura\" \/>\n\t<meta name=\"twitter:data2\" content=\"4 minutos\" \/>\n<script type=\"application\/ld+json\" class=\"yoast-schema-graph\">{\"@context\":\"https:\/\/schema.org\",\"@graph\":[{\"@type\":\"WebPage\",\"@id\":\"https:\/\/www.suave.ppg.br\/blog\/marcas-encontram-solucoes-para-festas-em-meio-a-pandemia-suave\/\",\"url\":\"https:\/\/www.suave.ppg.br\/blog\/marcas-encontram-solucoes-para-festas-em-meio-a-pandemia-suave\/\",\"name\":\"Marcas encontram solu\u00e7\u00f5es para festas em meio a pandemia | Suave\",\"isPartOf\":{\"@id\":\"https:\/\/www.suave.ppg.br\/blog\/#website\"},\"primaryImageOfPage\":{\"@id\":\"https:\/\/www.suave.ppg.br\/blog\/marcas-encontram-solucoes-para-festas-em-meio-a-pandemia-suave\/#primaryimage\"},\"image\":{\"@id\":\"https:\/\/www.suave.ppg.br\/blog\/marcas-encontram-solucoes-para-festas-em-meio-a-pandemia-suave\/#primaryimage\"},\"thumbnailUrl\":\"https:\/\/www.suave.ppg.br\/blog\/wp-content\/uploads\/2020\/06\/iStock-836431098.jpg\",\"datePublished\":\"2020-06-25T20:17:11+00:00\",\"dateModified\":\"2022-01-11T17:15:31+00:00\",\"author\":{\"@id\":\"https:\/\/www.suave.ppg.br\/blog\/#\/schema\/person\/ab13308d537e28179119291866a804b9\"},\"description\":\"Com esses tempos de crise, as comemora\u00e7\u00f5es ficam restritas. Veja solu\u00e7\u00f5es que algumas marcas criaram para n\u00e3o perderem as festas juninas nesse cen\u00e1rio!\",\"breadcrumb\":{\"@id\":\"https:\/\/www.suave.ppg.br\/blog\/marcas-encontram-solucoes-para-festas-em-meio-a-pandemia-suave\/#breadcrumb\"},\"inLanguage\":\"pt-BR\",\"potentialAction\":[{\"@type\":\"ReadAction\",\"target\":[\"https:\/\/www.suave.ppg.br\/blog\/marcas-encontram-solucoes-para-festas-em-meio-a-pandemia-suave\/\"]}]},{\"@type\":\"ImageObject\",\"inLanguage\":\"pt-BR\",\"@id\":\"https:\/\/www.suave.ppg.br\/blog\/marcas-encontram-solucoes-para-festas-em-meio-a-pandemia-suave\/#primaryimage\",\"url\":\"https:\/\/www.suave.ppg.br\/blog\/wp-content\/uploads\/2020\/06\/iStock-836431098.jpg\",\"contentUrl\":\"https:\/\/www.suave.ppg.br\/blog\/wp-content\/uploads\/2020\/06\/iStock-836431098.jpg\",\"width\":3864,\"height\":2576,\"caption\":\"Flags and balloon at a cultural party from Brazil.\"},{\"@type\":\"BreadcrumbList\",\"@id\":\"https:\/\/www.suave.ppg.br\/blog\/marcas-encontram-solucoes-para-festas-em-meio-a-pandemia-suave\/#breadcrumb\",\"itemListElement\":[{\"@type\":\"ListItem\",\"position\":1,\"name\":\"In\u00edcio\",\"item\":\"https:\/\/www.suave.ppg.br\/blog\/\"},{\"@type\":\"ListItem\",\"position\":2,\"name\":\"Marcas encontram novas formas para celebrar e as tradi\u00e7\u00f5es juninas s\u00e3o mantidas\"}]},{\"@type\":\"WebSite\",\"@id\":\"https:\/\/www.suave.ppg.br\/blog\/#website\",\"url\":\"https:\/\/www.suave.ppg.br\/blog\/\",\"name\":\"Confira os melhores conte\u00fados sobre comunica\u00e7\u00e3o e marketing de Ribeir\u00e3o Preto\",\"description\":\"Suave\",\"potentialAction\":[{\"@type\":\"SearchAction\",\"target\":{\"@type\":\"EntryPoint\",\"urlTemplate\":\"https:\/\/www.suave.ppg.br\/blog\/?s={search_term_string}\"},\"query-input\":{\"@type\":\"PropertyValueSpecification\",\"valueRequired\":true,\"valueName\":\"search_term_string\"}}],\"inLanguage\":\"pt-BR\"},{\"@type\":\"Person\",\"@id\":\"https:\/\/www.suave.ppg.br\/blog\/#\/schema\/person\/ab13308d537e28179119291866a804b9\",\"name\":\"Juliana Dias\",\"image\":{\"@type\":\"ImageObject\",\"inLanguage\":\"pt-BR\",\"@id\":\"https:\/\/www.suave.ppg.br\/blog\/#\/schema\/person\/image\/\",\"url\":\"https:\/\/secure.gravatar.com\/avatar\/4ea205d848ce8819cf411dcfba0f1bf5?s=96&d=mm&r=g\",\"contentUrl\":\"https:\/\/secure.gravatar.com\/avatar\/4ea205d848ce8819cf411dcfba0f1bf5?s=96&d=mm&r=g\",\"caption\":\"Juliana Dias\"},\"url\":\"https:\/\/www.suave.ppg.br\/blog\/author\/juliana-dias\/\"}]}<\/script>\n<!-- \/ Yoast SEO plugin. -->","yoast_head_json":{"title":"Marcas encontram solu\u00e7\u00f5es para festas em meio a pandemia | Suave","description":"Com esses tempos de crise, as comemora\u00e7\u00f5es ficam restritas. Veja solu\u00e7\u00f5es que algumas marcas criaram para n\u00e3o perderem as festas juninas nesse cen\u00e1rio!","robots":{"index":"index","follow":"follow","max-snippet":"max-snippet:-1","max-image-preview":"max-image-preview:large","max-video-preview":"max-video-preview:-1"},"canonical":"https:\/\/www.suave.ppg.br\/blog\/marcas-encontram-solucoes-para-festas-em-meio-a-pandemia-suave\/","og_locale":"pt_BR","og_type":"article","og_title":"Marcas encontram solu\u00e7\u00f5es para festas em meio a pandemia | Suave","og_description":"Com esses tempos de crise, as comemora\u00e7\u00f5es ficam restritas. Veja solu\u00e7\u00f5es que algumas marcas criaram para n\u00e3o perderem as festas juninas nesse cen\u00e1rio!","og_url":"https:\/\/www.suave.ppg.br\/blog\/marcas-encontram-solucoes-para-festas-em-meio-a-pandemia-suave\/","og_site_name":"Confira os melhores conte\u00fados sobre comunica\u00e7\u00e3o e marketing de Ribeir\u00e3o Preto","article_published_time":"2020-06-25T20:17:11+00:00","article_modified_time":"2022-01-11T17:15:31+00:00","og_image":[{"width":1220,"height":813,"url":"https:\/\/www.suave.ppg.br\/blog\/wp-content\/uploads\/2020\/06\/iStock-836431098-1220x813.jpg","type":"image\/jpeg"}],"author":"Juliana Dias","twitter_card":"summary_large_image","twitter_misc":{"Escrito por":"Juliana Dias","Est. tempo de leitura":"4 minutos"},"schema":{"@context":"https:\/\/schema.org","@graph":[{"@type":"WebPage","@id":"https:\/\/www.suave.ppg.br\/blog\/marcas-encontram-solucoes-para-festas-em-meio-a-pandemia-suave\/","url":"https:\/\/www.suave.ppg.br\/blog\/marcas-encontram-solucoes-para-festas-em-meio-a-pandemia-suave\/","name":"Marcas encontram solu\u00e7\u00f5es para festas em meio a pandemia | Suave","isPartOf":{"@id":"https:\/\/www.suave.ppg.br\/blog\/#website"},"primaryImageOfPage":{"@id":"https:\/\/www.suave.ppg.br\/blog\/marcas-encontram-solucoes-para-festas-em-meio-a-pandemia-suave\/#primaryimage"},"image":{"@id":"https:\/\/www.suave.ppg.br\/blog\/marcas-encontram-solucoes-para-festas-em-meio-a-pandemia-suave\/#primaryimage"},"thumbnailUrl":"https:\/\/www.suave.ppg.br\/blog\/wp-content\/uploads\/2020\/06\/iStock-836431098.jpg","datePublished":"2020-06-25T20:17:11+00:00","dateModified":"2022-01-11T17:15:31+00:00","author":{"@id":"https:\/\/www.suave.ppg.br\/blog\/#\/schema\/person\/ab13308d537e28179119291866a804b9"},"description":"Com esses tempos de crise, as comemora\u00e7\u00f5es ficam restritas. Veja solu\u00e7\u00f5es que algumas marcas criaram para n\u00e3o perderem as festas juninas nesse cen\u00e1rio!","breadcrumb":{"@id":"https:\/\/www.suave.ppg.br\/blog\/marcas-encontram-solucoes-para-festas-em-meio-a-pandemia-suave\/#breadcrumb"},"inLanguage":"pt-BR","potentialAction":[{"@type":"ReadAction","target":["https:\/\/www.suave.ppg.br\/blog\/marcas-encontram-solucoes-para-festas-em-meio-a-pandemia-suave\/"]}]},{"@type":"ImageObject","inLanguage":"pt-BR","@id":"https:\/\/www.suave.ppg.br\/blog\/marcas-encontram-solucoes-para-festas-em-meio-a-pandemia-suave\/#primaryimage","url":"https:\/\/www.suave.ppg.br\/blog\/wp-content\/uploads\/2020\/06\/iStock-836431098.jpg","contentUrl":"https:\/\/www.suave.ppg.br\/blog\/wp-content\/uploads\/2020\/06\/iStock-836431098.jpg","width":3864,"height":2576,"caption":"Flags and balloon at a cultural party from Brazil."},{"@type":"BreadcrumbList","@id":"https:\/\/www.suave.ppg.br\/blog\/marcas-encontram-solucoes-para-festas-em-meio-a-pandemia-suave\/#breadcrumb","itemListElement":[{"@type":"ListItem","position":1,"name":"In\u00edcio","item":"https:\/\/www.suave.ppg.br\/blog\/"},{"@type":"ListItem","position":2,"name":"Marcas encontram novas formas para celebrar e as tradi\u00e7\u00f5es juninas s\u00e3o mantidas"}]},{"@type":"WebSite","@id":"https:\/\/www.suave.ppg.br\/blog\/#website","url":"https:\/\/www.suave.ppg.br\/blog\/","name":"Confira os melhores conte\u00fados sobre comunica\u00e7\u00e3o e marketing de Ribeir\u00e3o Preto","description":"Suave","potentialAction":[{"@type":"SearchAction","target":{"@type":"EntryPoint","urlTemplate":"https:\/\/www.suave.ppg.br\/blog\/?s={search_term_string}"},"query-input":{"@type":"PropertyValueSpecification","valueRequired":true,"valueName":"search_term_string"}}],"inLanguage":"pt-BR"},{"@type":"Person","@id":"https:\/\/www.suave.ppg.br\/blog\/#\/schema\/person\/ab13308d537e28179119291866a804b9","name":"Juliana Dias","image":{"@type":"ImageObject","inLanguage":"pt-BR","@id":"https:\/\/www.suave.ppg.br\/blog\/#\/schema\/person\/image\/","url":"https:\/\/secure.gravatar.com\/avatar\/4ea205d848ce8819cf411dcfba0f1bf5?s=96&d=mm&r=g","contentUrl":"https:\/\/secure.gravatar.com\/avatar\/4ea205d848ce8819cf411dcfba0f1bf5?s=96&d=mm&r=g","caption":"Juliana Dias"},"url":"https:\/\/www.suave.ppg.br\/blog\/author\/juliana-dias\/"}]}},"_links":{"self":[{"href":"https:\/\/www.suave.ppg.br\/blog\/wp-json\/wp\/v2\/posts\/1002"}],"collection":[{"href":"https:\/\/www.suave.ppg.br\/blog\/wp-json\/wp\/v2\/posts"}],"about":[{"href":"https:\/\/www.suave.ppg.br\/blog\/wp-json\/wp\/v2\/types\/post"}],"author":[{"embeddable":true,"href":"https:\/\/www.suave.ppg.br\/blog\/wp-json\/wp\/v2\/users\/14"}],"replies":[{"embeddable":true,"href":"https:\/\/www.suave.ppg.br\/blog\/wp-json\/wp\/v2\/comments?post=1002"}],"version-history":[{"count":5,"href":"https:\/\/www.suave.ppg.br\/blog\/wp-json\/wp\/v2\/posts\/1002\/revisions"}],"predecessor-version":[{"id":1128,"href":"https:\/\/www.suave.ppg.br\/blog\/wp-json\/wp\/v2\/posts\/1002\/revisions\/1128"}],"wp:featuredmedia":[{"embeddable":true,"href":"https:\/\/www.suave.ppg.br\/blog\/wp-json\/wp\/v2\/media\/1003"}],"wp:attachment":[{"href":"https:\/\/www.suave.ppg.br\/blog\/wp-json\/wp\/v2\/media?parent=1002"}],"wp:term":[{"taxonomy":"category","embeddable":true,"href":"https:\/\/www.suave.ppg.br\/blog\/wp-json\/wp\/v2\/categories?post=1002"},{"taxonomy":"post_tag","embeddable":true,"href":"https:\/\/www.suave.ppg.br\/blog\/wp-json\/wp\/v2\/tags?post=1002"}],"curies":[{"name":"wp","href":"https:\/\/api.w.org\/{rel}","templated":true}]}}