{"id":1012,"date":"2020-07-09T18:34:12","date_gmt":"2020-07-09T21:34:12","guid":{"rendered":"https:\/\/www.suave.ppg.br\/blog\/?p=1012"},"modified":"2022-01-11T15:06:19","modified_gmt":"2022-01-11T17:06:19","slug":"confira-aqui-a-importancia-de-se-ter-mascotes-para-varejo-em-seu-negocio-veja-exemplos-e-dicas-de-como-criar-para-sua-empresa-ou-produto-saiba-mais","status":"publish","type":"post","link":"https:\/\/www.suave.ppg.br\/blog\/confira-aqui-a-importancia-de-se-ter-mascotes-para-varejo-em-seu-negocio-veja-exemplos-e-dicas-de-como-criar-para-sua-empresa-ou-produto-saiba-mais\/","title":{"rendered":"A import\u00e2ncia de um mascote para o varejo"},"content":{"rendered":"\n<p>V\u00e1rias empresas j\u00e1 utilizaram ou utilizam de um mascote para representar suas marcas na publicidade ou nas a\u00e7\u00f5es de marketing muito antes de qualquer teoria sobre branding. Esse recurso serve para estreitar a rela\u00e7\u00e3o e atrair o p\u00fablico-alvo de forma carism\u00e1tica e despertar confian\u00e7a, al\u00e9m de trazer conex\u00e3o, deixando a marca mais presente na mem\u00f3ria dos consumidores.<\/p>\n\n\n\n<p>Quando citamos algumas marcas nacionalmente conhecidas, como Magalu, Casas Bahia, M&amp;M\u2019s, Sadia, Michelin, McDonald, Assolan etc., automaticamente lembramos de seus mascotes. Esses personagens cativam as pessoas, geram interesse e, de quebra, agradam e muito ao p\u00fablico infantil.<\/p>\n\n\n\n<h2 class=\"wp-block-heading\"><strong>Como pensar um mascote para a marca<\/strong><\/h2>\n\n\n\n<figure class=\"wp-block-image\"><img loading=\"lazy\" decoding=\"async\" width=\"1080\" height=\"1080\" src=\"https:\/\/www.suave.ppg.br\/blog\/wp-content\/uploads\/2020\/07\/post-4.jpg\" alt=\"\" class=\"wp-image-1014\" srcset=\"https:\/\/www.suave.ppg.br\/blog\/wp-content\/uploads\/2020\/07\/post-4.jpg 1080w, https:\/\/www.suave.ppg.br\/blog\/wp-content\/uploads\/2020\/07\/post-4-150x150.jpg 150w, https:\/\/www.suave.ppg.br\/blog\/wp-content\/uploads\/2020\/07\/post-4-300x300.jpg 300w, https:\/\/www.suave.ppg.br\/blog\/wp-content\/uploads\/2020\/07\/post-4-768x768.jpg 768w, https:\/\/www.suave.ppg.br\/blog\/wp-content\/uploads\/2020\/07\/post-4-360x360.jpg 360w\" sizes=\"(max-width: 1080px) 100vw, 1080px\" \/><figcaption>Mascote criado para o Cliente Tonin Super<\/figcaption><\/figure>\n\n\n\n<p>S\u00e3o v\u00e1rias as estrat\u00e9gias para a constru\u00e7\u00e3o de um mascote, que se d\u00e1 atrav\u00e9s de perguntas que a empresa tem que responder. Por exemplo, quais as caracter\u00edsticas o personagem teria se fosse uma pessoa, se fosse um animal, um objeto ou, at\u00e9 mesmo, o pr\u00f3prio produto ou servi\u00e7o.<\/p>\n\n\n\n<p>Mas, o principal, \u00e9 responder qual ser\u00e1 sua funcionalidade e relev\u00e2ncia para a estrat\u00e9gia de comunica\u00e7\u00e3o e se estar\u00e1 diretamente ligado ao prop\u00f3sito que a empresa quer representar.<\/p>\n\n\n\n<p>O design, a forma de f\u00e1cil associa\u00e7\u00e3o, apar\u00eancia e cores devem ser originais e flex\u00edveis para aplica\u00e7\u00e3o em qualquer m\u00eddia, 2D ou 3D, inclusive com a possibilidade de anima\u00e7\u00f5es em v\u00eddeo.<\/p>\n\n\n\n<h2 class=\"wp-block-heading\"><strong>Potencial como conte\u00fado: mil e uma utilidades<\/strong><\/h2>\n\n\n\n<p>O mascote \u00e9 um excelente apoio na hora de criar diferentes conte\u00fados para seu produto ou servi\u00e7o, gerando repercuss\u00e3o, principalmente, nas redes sociais, colaborando para que a marca apare\u00e7a em destaque. Uma boa op\u00e7\u00e3o \u00e9 servir de apoio para cria\u00e7\u00e3o de conte\u00fados que gerem v\u00ednculos e mostrem que a empresa se importa com o cliente.<\/p>\n\n\n\n<p>O personagem deve estar em todos os materiais institucionais, e bem utilizado nas promo\u00e7\u00f5es sazonais e datas especiais, podendo ser transformado em um boneco para PDV e at\u00e9 virar brinde.<br><\/p>\n\n\n\n<p>A Suave j\u00e1 teve a oportunidade&nbsp;de desenvolver junto a seus clientes alguns personagens ao longo de sua trajet\u00f3ria, sempre com excelentes resultados e ganho de imagem positiva para as marcas, com efeito significativo no comportamento do consumidor.<\/p>\n\n\n\n<div class=\"wp-block-media-text alignwide is-stacked-on-mobile\"><figure class=\"wp-block-media-text__media\"><img loading=\"lazy\" decoding=\"async\" width=\"1000\" height=\"1000\" src=\"https:\/\/www.suave.ppg.br\/blog\/wp-content\/uploads\/2020\/07\/DSC_0043-site.jpg\" alt=\"\" class=\"wp-image-1013 size-full\" srcset=\"https:\/\/www.suave.ppg.br\/blog\/wp-content\/uploads\/2020\/07\/DSC_0043-site.jpg 1000w, https:\/\/www.suave.ppg.br\/blog\/wp-content\/uploads\/2020\/07\/DSC_0043-site-150x150.jpg 150w, https:\/\/www.suave.ppg.br\/blog\/wp-content\/uploads\/2020\/07\/DSC_0043-site-300x300.jpg 300w, https:\/\/www.suave.ppg.br\/blog\/wp-content\/uploads\/2020\/07\/DSC_0043-site-768x768.jpg 768w, https:\/\/www.suave.ppg.br\/blog\/wp-content\/uploads\/2020\/07\/DSC_0043-site-360x360.jpg 360w\" sizes=\"(max-width: 1000px) 100vw, 1000px\" \/><\/figure><div class=\"wp-block-media-text__content\">\n<p>\u201cHoje, o mascote que \u00e9 o xod\u00f3 da equipe Suave foi desenvolvido para o cliente Tonin Superatacado. \u00c9 um celular &#8211; que chamamos interna e carinhosamente de \u2018Appzinho\u2019 &#8211; que \u00e9 a personifica\u00e7\u00e3o de tudo o que a empresa quer representar e passar nas mensagens e na comunica\u00e7\u00e3o, uma rede superconectada com seus consumidores\u201d, conta a coordenadora de cria\u00e7\u00e3o e arte da Suave, Gisela Lellis.  <br><\/p>\n<\/div><\/div>\n\n\n\n<p>O \u00edcone que melhor expressa essa conex\u00e3o no momento \u00e9 um Smartphone, por isso, a escolha de um desenho simples e que traduz toda essa liga\u00e7\u00e3o com seus clientes.<\/p>\n\n\n\n<figure class=\"wp-block-image\"><img loading=\"lazy\" decoding=\"async\" width=\"1080\" height=\"1080\" src=\"https:\/\/www.suave.ppg.br\/blog\/wp-content\/uploads\/2020\/07\/post-3.jpg\" alt=\"\" class=\"wp-image-1015\" srcset=\"https:\/\/www.suave.ppg.br\/blog\/wp-content\/uploads\/2020\/07\/post-3.jpg 1080w, https:\/\/www.suave.ppg.br\/blog\/wp-content\/uploads\/2020\/07\/post-3-150x150.jpg 150w, https:\/\/www.suave.ppg.br\/blog\/wp-content\/uploads\/2020\/07\/post-3-300x300.jpg 300w, https:\/\/www.suave.ppg.br\/blog\/wp-content\/uploads\/2020\/07\/post-3-768x768.jpg 768w, https:\/\/www.suave.ppg.br\/blog\/wp-content\/uploads\/2020\/07\/post-3-360x360.jpg 360w\" sizes=\"(max-width: 1080px) 100vw, 1080px\" \/><figcaption> <br>Mascote criado para o Cliente Tonin Super <\/figcaption><\/figure>\n\n\n\n<p>\u201cO personagem, traz tamb\u00e9m, envolvimento emocional criando apelo afetivo e empatia, portanto pode e deve ser usado de maneira intensa pela empresa, principalmente para a divulga\u00e7\u00e3o do programa de descontos Cliente Fidelidade Tonin e do aplicativo da marca\u201d, explica.<\/p>\n\n\n\n<h2 class=\"wp-block-heading\"><strong>O processo de cria\u00e7\u00e3o<\/strong><br><\/h2>\n\n\n\n<p>Gisela conta que, depois de estudar o briefing do cliente, a equipe partiu para pesquisas e discuss\u00e3o de ideias at\u00e9 chegar na forma e estilo de desenho ideal do mascote. \u201cA anima\u00e7\u00e3o foi realizada em parceria com a produtora de v\u00eddeos XP Filmes, com sua equipe especializada, que garantiu o sucesso do resultado. O personagem foi constru\u00eddo em 3D e ganhou movimentos, express\u00f5es e at\u00e9 acess\u00f3rios para compor e acompanhar as mensagens que ser\u00e3o passadas. Uma sequ\u00eancia de v\u00eddeos j\u00e1 foi produzida e j\u00e1 est\u00e1 em veicula\u00e7\u00e3o nas redes sociais\u201d, relata.<\/p>\n\n\n\n<p>Utilizados no mundo inteiro como uma estrat\u00e9gia eficiente e com diferentes motiva\u00e7\u00f5es, os mascotes s\u00e3o essenciais para o refor\u00e7o de marca e grandes aliados na constru\u00e7\u00e3o do relacionamento formando la\u00e7os de fidelidade. S\u00e3o verdadeiros \u201cgarotos-propagandas\u201d e d\u00e3o vida nova aos neg\u00f3cios, incentivam e interagem, deixando a marca no imagin\u00e1rio do p\u00fablico em geral.<br><\/p>\n\n\n\n<figure class=\"wp-block-video\"><video controls src=\"https:\/\/www.suave.ppg.br\/blog\/wp-content\/uploads\/2020\/07\/video-1-Fidelidade.mp4\"><\/video><figcaption>Anima\u00e7\u00e3o realizada em parceria com a produtora XP Filmes<\/figcaption><\/figure>\n","protected":false},"excerpt":{"rendered":"<p>V\u00e1rias empresas j\u00e1 utilizaram ou utilizam de um mascote para representar suas marcas na publicidade ou nas a\u00e7\u00f5es de marketing muito antes de qualquer teoria sobre branding. Esse recurso serve para estreitar a rela\u00e7\u00e3o e atrair o p\u00fablico-alvo de forma carism\u00e1tica e despertar confian\u00e7a, al\u00e9m de trazer conex\u00e3o, deixando a marca mais presente na mem\u00f3ria [&hellip;]<\/p>\n","protected":false},"author":14,"featured_media":1020,"comment_status":"open","ping_status":"open","sticky":false,"template":"","format":"standard","meta":{"footnotes":""},"categories":[1],"tags":[],"class_list":["post-1012","post","type-post","status-publish","format-standard","has-post-thumbnail","hentry","category-sem-categoria"],"yoast_head":"<!-- This site is optimized with the Yoast SEO plugin v23.4 - https:\/\/yoast.com\/wordpress\/plugins\/seo\/ -->\n<title>Mascote para varejo | Confira sua import\u00e2ncia | Suave Blog<\/title>\n<meta name=\"description\" content=\"Confira aqui a import\u00e2ncia de se ter mascotes para varejo em seu neg\u00f3cio. Veja exemplos e dicas de como criar para sua empresa ou produto! Saiba mais!\" \/>\n<meta name=\"robots\" content=\"index, follow, max-snippet:-1, max-image-preview:large, max-video-preview:-1\" \/>\n<link rel=\"canonical\" href=\"https:\/\/www.suave.ppg.br\/blog\/confira-aqui-a-importancia-de-se-ter-mascotes-para-varejo-em-seu-negocio-veja-exemplos-e-dicas-de-como-criar-para-sua-empresa-ou-produto-saiba-mais\/\" \/>\n<meta property=\"og:locale\" content=\"pt_BR\" \/>\n<meta property=\"og:type\" content=\"article\" \/>\n<meta property=\"og:title\" content=\"Mascote para varejo | Confira sua import\u00e2ncia | Suave Blog\" \/>\n<meta property=\"og:description\" content=\"Confira aqui a import\u00e2ncia de se ter mascotes para varejo em seu neg\u00f3cio. Veja exemplos e dicas de como criar para sua empresa ou produto! Saiba mais!\" \/>\n<meta property=\"og:url\" content=\"https:\/\/www.suave.ppg.br\/blog\/confira-aqui-a-importancia-de-se-ter-mascotes-para-varejo-em-seu-negocio-veja-exemplos-e-dicas-de-como-criar-para-sua-empresa-ou-produto-saiba-mais\/\" \/>\n<meta property=\"og:site_name\" content=\"Confira os melhores conte\u00fados sobre comunica\u00e7\u00e3o e marketing de Ribeir\u00e3o Preto\" \/>\n<meta property=\"article:published_time\" content=\"2020-07-09T21:34:12+00:00\" \/>\n<meta property=\"article:modified_time\" content=\"2022-01-11T17:06:19+00:00\" \/>\n<meta property=\"og:image\" content=\"https:\/\/www.suave.ppg.br\/blog\/wp-content\/uploads\/2020\/07\/CELULAR_Baixe_APP.jpg\" \/>\n\t<meta property=\"og:image:width\" content=\"722\" \/>\n\t<meta property=\"og:image:height\" content=\"632\" \/>\n\t<meta property=\"og:image:type\" content=\"image\/jpeg\" \/>\n<meta name=\"author\" content=\"Juliana Dias\" \/>\n<meta name=\"twitter:card\" content=\"summary_large_image\" \/>\n<meta name=\"twitter:label1\" content=\"Escrito por\" \/>\n\t<meta name=\"twitter:data1\" content=\"Juliana Dias\" \/>\n\t<meta name=\"twitter:label2\" content=\"Est. tempo de leitura\" \/>\n\t<meta name=\"twitter:data2\" content=\"4 minutos\" \/>\n<script type=\"application\/ld+json\" class=\"yoast-schema-graph\">{\"@context\":\"https:\/\/schema.org\",\"@graph\":[{\"@type\":\"WebPage\",\"@id\":\"https:\/\/www.suave.ppg.br\/blog\/confira-aqui-a-importancia-de-se-ter-mascotes-para-varejo-em-seu-negocio-veja-exemplos-e-dicas-de-como-criar-para-sua-empresa-ou-produto-saiba-mais\/\",\"url\":\"https:\/\/www.suave.ppg.br\/blog\/confira-aqui-a-importancia-de-se-ter-mascotes-para-varejo-em-seu-negocio-veja-exemplos-e-dicas-de-como-criar-para-sua-empresa-ou-produto-saiba-mais\/\",\"name\":\"Mascote para varejo | Confira sua import\u00e2ncia | Suave Blog\",\"isPartOf\":{\"@id\":\"https:\/\/www.suave.ppg.br\/blog\/#website\"},\"primaryImageOfPage\":{\"@id\":\"https:\/\/www.suave.ppg.br\/blog\/confira-aqui-a-importancia-de-se-ter-mascotes-para-varejo-em-seu-negocio-veja-exemplos-e-dicas-de-como-criar-para-sua-empresa-ou-produto-saiba-mais\/#primaryimage\"},\"image\":{\"@id\":\"https:\/\/www.suave.ppg.br\/blog\/confira-aqui-a-importancia-de-se-ter-mascotes-para-varejo-em-seu-negocio-veja-exemplos-e-dicas-de-como-criar-para-sua-empresa-ou-produto-saiba-mais\/#primaryimage\"},\"thumbnailUrl\":\"https:\/\/www.suave.ppg.br\/blog\/wp-content\/uploads\/2020\/07\/CELULAR_Baixe_APP.jpg\",\"datePublished\":\"2020-07-09T21:34:12+00:00\",\"dateModified\":\"2022-01-11T17:06:19+00:00\",\"author\":{\"@id\":\"https:\/\/www.suave.ppg.br\/blog\/#\/schema\/person\/ab13308d537e28179119291866a804b9\"},\"description\":\"Confira aqui a import\u00e2ncia de se ter mascotes para varejo em seu neg\u00f3cio. Veja exemplos e dicas de como criar para sua empresa ou produto! Saiba mais!\",\"breadcrumb\":{\"@id\":\"https:\/\/www.suave.ppg.br\/blog\/confira-aqui-a-importancia-de-se-ter-mascotes-para-varejo-em-seu-negocio-veja-exemplos-e-dicas-de-como-criar-para-sua-empresa-ou-produto-saiba-mais\/#breadcrumb\"},\"inLanguage\":\"pt-BR\",\"potentialAction\":[{\"@type\":\"ReadAction\",\"target\":[\"https:\/\/www.suave.ppg.br\/blog\/confira-aqui-a-importancia-de-se-ter-mascotes-para-varejo-em-seu-negocio-veja-exemplos-e-dicas-de-como-criar-para-sua-empresa-ou-produto-saiba-mais\/\"]}]},{\"@type\":\"ImageObject\",\"inLanguage\":\"pt-BR\",\"@id\":\"https:\/\/www.suave.ppg.br\/blog\/confira-aqui-a-importancia-de-se-ter-mascotes-para-varejo-em-seu-negocio-veja-exemplos-e-dicas-de-como-criar-para-sua-empresa-ou-produto-saiba-mais\/#primaryimage\",\"url\":\"https:\/\/www.suave.ppg.br\/blog\/wp-content\/uploads\/2020\/07\/CELULAR_Baixe_APP.jpg\",\"contentUrl\":\"https:\/\/www.suave.ppg.br\/blog\/wp-content\/uploads\/2020\/07\/CELULAR_Baixe_APP.jpg\",\"width\":722,\"height\":632},{\"@type\":\"BreadcrumbList\",\"@id\":\"https:\/\/www.suave.ppg.br\/blog\/confira-aqui-a-importancia-de-se-ter-mascotes-para-varejo-em-seu-negocio-veja-exemplos-e-dicas-de-como-criar-para-sua-empresa-ou-produto-saiba-mais\/#breadcrumb\",\"itemListElement\":[{\"@type\":\"ListItem\",\"position\":1,\"name\":\"In\u00edcio\",\"item\":\"https:\/\/www.suave.ppg.br\/blog\/\"},{\"@type\":\"ListItem\",\"position\":2,\"name\":\"A import\u00e2ncia de um mascote para o varejo\"}]},{\"@type\":\"WebSite\",\"@id\":\"https:\/\/www.suave.ppg.br\/blog\/#website\",\"url\":\"https:\/\/www.suave.ppg.br\/blog\/\",\"name\":\"Confira os melhores conte\u00fados sobre comunica\u00e7\u00e3o e marketing de Ribeir\u00e3o Preto\",\"description\":\"Suave\",\"potentialAction\":[{\"@type\":\"SearchAction\",\"target\":{\"@type\":\"EntryPoint\",\"urlTemplate\":\"https:\/\/www.suave.ppg.br\/blog\/?s={search_term_string}\"},\"query-input\":{\"@type\":\"PropertyValueSpecification\",\"valueRequired\":true,\"valueName\":\"search_term_string\"}}],\"inLanguage\":\"pt-BR\"},{\"@type\":\"Person\",\"@id\":\"https:\/\/www.suave.ppg.br\/blog\/#\/schema\/person\/ab13308d537e28179119291866a804b9\",\"name\":\"Juliana Dias\",\"image\":{\"@type\":\"ImageObject\",\"inLanguage\":\"pt-BR\",\"@id\":\"https:\/\/www.suave.ppg.br\/blog\/#\/schema\/person\/image\/\",\"url\":\"https:\/\/secure.gravatar.com\/avatar\/4ea205d848ce8819cf411dcfba0f1bf5?s=96&d=mm&r=g\",\"contentUrl\":\"https:\/\/secure.gravatar.com\/avatar\/4ea205d848ce8819cf411dcfba0f1bf5?s=96&d=mm&r=g\",\"caption\":\"Juliana Dias\"},\"url\":\"https:\/\/www.suave.ppg.br\/blog\/author\/juliana-dias\/\"}]}<\/script>\n<!-- \/ Yoast SEO plugin. -->","yoast_head_json":{"title":"Mascote para varejo | Confira sua import\u00e2ncia | Suave Blog","description":"Confira aqui a import\u00e2ncia de se ter mascotes para varejo em seu neg\u00f3cio. Veja exemplos e dicas de como criar para sua empresa ou produto! Saiba mais!","robots":{"index":"index","follow":"follow","max-snippet":"max-snippet:-1","max-image-preview":"max-image-preview:large","max-video-preview":"max-video-preview:-1"},"canonical":"https:\/\/www.suave.ppg.br\/blog\/confira-aqui-a-importancia-de-se-ter-mascotes-para-varejo-em-seu-negocio-veja-exemplos-e-dicas-de-como-criar-para-sua-empresa-ou-produto-saiba-mais\/","og_locale":"pt_BR","og_type":"article","og_title":"Mascote para varejo | Confira sua import\u00e2ncia | Suave Blog","og_description":"Confira aqui a import\u00e2ncia de se ter mascotes para varejo em seu neg\u00f3cio. Veja exemplos e dicas de como criar para sua empresa ou produto! Saiba mais!","og_url":"https:\/\/www.suave.ppg.br\/blog\/confira-aqui-a-importancia-de-se-ter-mascotes-para-varejo-em-seu-negocio-veja-exemplos-e-dicas-de-como-criar-para-sua-empresa-ou-produto-saiba-mais\/","og_site_name":"Confira os melhores conte\u00fados sobre comunica\u00e7\u00e3o e marketing de Ribeir\u00e3o Preto","article_published_time":"2020-07-09T21:34:12+00:00","article_modified_time":"2022-01-11T17:06:19+00:00","og_image":[{"width":722,"height":632,"url":"https:\/\/www.suave.ppg.br\/blog\/wp-content\/uploads\/2020\/07\/CELULAR_Baixe_APP.jpg","type":"image\/jpeg"}],"author":"Juliana Dias","twitter_card":"summary_large_image","twitter_misc":{"Escrito por":"Juliana Dias","Est. tempo de leitura":"4 minutos"},"schema":{"@context":"https:\/\/schema.org","@graph":[{"@type":"WebPage","@id":"https:\/\/www.suave.ppg.br\/blog\/confira-aqui-a-importancia-de-se-ter-mascotes-para-varejo-em-seu-negocio-veja-exemplos-e-dicas-de-como-criar-para-sua-empresa-ou-produto-saiba-mais\/","url":"https:\/\/www.suave.ppg.br\/blog\/confira-aqui-a-importancia-de-se-ter-mascotes-para-varejo-em-seu-negocio-veja-exemplos-e-dicas-de-como-criar-para-sua-empresa-ou-produto-saiba-mais\/","name":"Mascote para varejo | Confira sua import\u00e2ncia | Suave Blog","isPartOf":{"@id":"https:\/\/www.suave.ppg.br\/blog\/#website"},"primaryImageOfPage":{"@id":"https:\/\/www.suave.ppg.br\/blog\/confira-aqui-a-importancia-de-se-ter-mascotes-para-varejo-em-seu-negocio-veja-exemplos-e-dicas-de-como-criar-para-sua-empresa-ou-produto-saiba-mais\/#primaryimage"},"image":{"@id":"https:\/\/www.suave.ppg.br\/blog\/confira-aqui-a-importancia-de-se-ter-mascotes-para-varejo-em-seu-negocio-veja-exemplos-e-dicas-de-como-criar-para-sua-empresa-ou-produto-saiba-mais\/#primaryimage"},"thumbnailUrl":"https:\/\/www.suave.ppg.br\/blog\/wp-content\/uploads\/2020\/07\/CELULAR_Baixe_APP.jpg","datePublished":"2020-07-09T21:34:12+00:00","dateModified":"2022-01-11T17:06:19+00:00","author":{"@id":"https:\/\/www.suave.ppg.br\/blog\/#\/schema\/person\/ab13308d537e28179119291866a804b9"},"description":"Confira aqui a import\u00e2ncia de se ter mascotes para varejo em seu neg\u00f3cio. Veja exemplos e dicas de como criar para sua empresa ou produto! Saiba mais!","breadcrumb":{"@id":"https:\/\/www.suave.ppg.br\/blog\/confira-aqui-a-importancia-de-se-ter-mascotes-para-varejo-em-seu-negocio-veja-exemplos-e-dicas-de-como-criar-para-sua-empresa-ou-produto-saiba-mais\/#breadcrumb"},"inLanguage":"pt-BR","potentialAction":[{"@type":"ReadAction","target":["https:\/\/www.suave.ppg.br\/blog\/confira-aqui-a-importancia-de-se-ter-mascotes-para-varejo-em-seu-negocio-veja-exemplos-e-dicas-de-como-criar-para-sua-empresa-ou-produto-saiba-mais\/"]}]},{"@type":"ImageObject","inLanguage":"pt-BR","@id":"https:\/\/www.suave.ppg.br\/blog\/confira-aqui-a-importancia-de-se-ter-mascotes-para-varejo-em-seu-negocio-veja-exemplos-e-dicas-de-como-criar-para-sua-empresa-ou-produto-saiba-mais\/#primaryimage","url":"https:\/\/www.suave.ppg.br\/blog\/wp-content\/uploads\/2020\/07\/CELULAR_Baixe_APP.jpg","contentUrl":"https:\/\/www.suave.ppg.br\/blog\/wp-content\/uploads\/2020\/07\/CELULAR_Baixe_APP.jpg","width":722,"height":632},{"@type":"BreadcrumbList","@id":"https:\/\/www.suave.ppg.br\/blog\/confira-aqui-a-importancia-de-se-ter-mascotes-para-varejo-em-seu-negocio-veja-exemplos-e-dicas-de-como-criar-para-sua-empresa-ou-produto-saiba-mais\/#breadcrumb","itemListElement":[{"@type":"ListItem","position":1,"name":"In\u00edcio","item":"https:\/\/www.suave.ppg.br\/blog\/"},{"@type":"ListItem","position":2,"name":"A import\u00e2ncia de um mascote para o varejo"}]},{"@type":"WebSite","@id":"https:\/\/www.suave.ppg.br\/blog\/#website","url":"https:\/\/www.suave.ppg.br\/blog\/","name":"Confira os melhores conte\u00fados sobre comunica\u00e7\u00e3o e marketing de Ribeir\u00e3o Preto","description":"Suave","potentialAction":[{"@type":"SearchAction","target":{"@type":"EntryPoint","urlTemplate":"https:\/\/www.suave.ppg.br\/blog\/?s={search_term_string}"},"query-input":{"@type":"PropertyValueSpecification","valueRequired":true,"valueName":"search_term_string"}}],"inLanguage":"pt-BR"},{"@type":"Person","@id":"https:\/\/www.suave.ppg.br\/blog\/#\/schema\/person\/ab13308d537e28179119291866a804b9","name":"Juliana Dias","image":{"@type":"ImageObject","inLanguage":"pt-BR","@id":"https:\/\/www.suave.ppg.br\/blog\/#\/schema\/person\/image\/","url":"https:\/\/secure.gravatar.com\/avatar\/4ea205d848ce8819cf411dcfba0f1bf5?s=96&d=mm&r=g","contentUrl":"https:\/\/secure.gravatar.com\/avatar\/4ea205d848ce8819cf411dcfba0f1bf5?s=96&d=mm&r=g","caption":"Juliana Dias"},"url":"https:\/\/www.suave.ppg.br\/blog\/author\/juliana-dias\/"}]}},"_links":{"self":[{"href":"https:\/\/www.suave.ppg.br\/blog\/wp-json\/wp\/v2\/posts\/1012"}],"collection":[{"href":"https:\/\/www.suave.ppg.br\/blog\/wp-json\/wp\/v2\/posts"}],"about":[{"href":"https:\/\/www.suave.ppg.br\/blog\/wp-json\/wp\/v2\/types\/post"}],"author":[{"embeddable":true,"href":"https:\/\/www.suave.ppg.br\/blog\/wp-json\/wp\/v2\/users\/14"}],"replies":[{"embeddable":true,"href":"https:\/\/www.suave.ppg.br\/blog\/wp-json\/wp\/v2\/comments?post=1012"}],"version-history":[{"count":2,"href":"https:\/\/www.suave.ppg.br\/blog\/wp-json\/wp\/v2\/posts\/1012\/revisions"}],"predecessor-version":[{"id":1127,"href":"https:\/\/www.suave.ppg.br\/blog\/wp-json\/wp\/v2\/posts\/1012\/revisions\/1127"}],"wp:featuredmedia":[{"embeddable":true,"href":"https:\/\/www.suave.ppg.br\/blog\/wp-json\/wp\/v2\/media\/1020"}],"wp:attachment":[{"href":"https:\/\/www.suave.ppg.br\/blog\/wp-json\/wp\/v2\/media?parent=1012"}],"wp:term":[{"taxonomy":"category","embeddable":true,"href":"https:\/\/www.suave.ppg.br\/blog\/wp-json\/wp\/v2\/categories?post=1012"},{"taxonomy":"post_tag","embeddable":true,"href":"https:\/\/www.suave.ppg.br\/blog\/wp-json\/wp\/v2\/tags?post=1012"}],"curies":[{"name":"wp","href":"https:\/\/api.w.org\/{rel}","templated":true}]}}