{"id":1221,"date":"2022-05-19T13:46:50","date_gmt":"2022-05-19T16:46:50","guid":{"rendered":"https:\/\/www.suave.ppg.br\/blog\/?p=1221"},"modified":"2022-05-19T14:34:18","modified_gmt":"2022-05-19T17:34:18","slug":"branding-desde-os-primordios","status":"publish","type":"post","link":"https:\/\/www.suave.ppg.br\/blog\/branding-desde-os-primordios\/","title":{"rendered":"Um pouco de Branding desde os prim\u00f3rdios"},"content":{"rendered":"\n<div class=\"wp-block-columns is-layout-flex wp-container-core-columns-is-layout-1 wp-block-columns-is-layout-flex\">\n<div class=\"wp-block-column is-layout-flow wp-block-column-is-layout-flow\">\n<p>Hoje o assunto em nosso blog \u00e9 sobre Branding, mas antes de nos aprofundarmos neste tema, que tal passearmos um pouco no tempo e conhecer a hist\u00f3ria da publicidade e a sua import\u00e2ncia at\u00e9 hoje?<\/p>\n\n\n\n<figure class=\"wp-block-image size-large is-resized\"><img loading=\"lazy\" decoding=\"async\" src=\"https:\/\/www.suave.ppg.br\/blog\/wp-content\/uploads\/2022\/05\/01.jpg\" alt=\"\" class=\"wp-image-1224\" width=\"252\" height=\"252\" srcset=\"https:\/\/www.suave.ppg.br\/blog\/wp-content\/uploads\/2022\/05\/01.jpg 1080w, https:\/\/www.suave.ppg.br\/blog\/wp-content\/uploads\/2022\/05\/01-300x300.jpg 300w, https:\/\/www.suave.ppg.br\/blog\/wp-content\/uploads\/2022\/05\/01-150x150.jpg 150w, https:\/\/www.suave.ppg.br\/blog\/wp-content\/uploads\/2022\/05\/01-768x768.jpg 768w, https:\/\/www.suave.ppg.br\/blog\/wp-content\/uploads\/2022\/05\/01-96x96.jpg 96w\" sizes=\"(max-width: 252px) 100vw, 252px\" \/><\/figure>\n\n\n\n<h2 class=\"wp-block-heading\" style=\"font-size:24px\"><strong>O in\u00edcio da publicidade<\/strong><\/h2>\n\n\n\n<p>Bem, claro que n\u00e3o h\u00e1 um marco definitivo para o in\u00edcio da publicidade. O que sabemos \u00e9 que nos centros urbanos existem h\u00e1 s\u00e9culos o perfil do \u201ctown crier, o \u201cgritador da cidade\u201d (no bom e velho portugu\u00eas), pr\u00e1tica que existe at\u00e9 hoje nas portas das lojas de com\u00e9rcio popular ou carros de som que rodam principalmente nas cidades do interior<\/p>\n\n\n\n<figure class=\"wp-block-image size-large is-resized\"><img decoding=\"async\" src=\"https:\/\/www.suave.ppg.br\/blog\/wp-content\/uploads\/2022\/05\/02-edited-1.jpg\" alt=\"\" class=\"wp-image-1235\" width=\"254\" srcset=\"https:\/\/www.suave.ppg.br\/blog\/wp-content\/uploads\/2022\/05\/02-edited-1.jpg 1080w, https:\/\/www.suave.ppg.br\/blog\/wp-content\/uploads\/2022\/05\/02-edited-1-300x169.jpg 300w, https:\/\/www.suave.ppg.br\/blog\/wp-content\/uploads\/2022\/05\/02-edited-1-768x432.jpg 768w, https:\/\/www.suave.ppg.br\/blog\/wp-content\/uploads\/2022\/05\/02-edited-1-150x84.jpg 150w\" sizes=\"(max-width: 1080px) 100vw, 1080px\" \/><\/figure>\n\n\n\n<p>Mas a publicidade de massa propriamente dito, come\u00e7a a se desenvolver ao longo dos s\u00e9culos 16 e 17, quando os jornais come\u00e7aram a se popularizar. Foi gra\u00e7as inclusive \u00e0s propagandas publicadas nos jornais, que os pre\u00e7os dos peri\u00f3dicos se tornaram mais acess\u00edveis, aumentando consideravelmente as suas vendas.<\/p>\n<\/div>\n\n\n\n<div class=\"wp-block-column is-layout-flow wp-block-column-is-layout-flow\">\n<figure class=\"wp-block-image size-large\"><img loading=\"lazy\" decoding=\"async\" width=\"1080\" height=\"1080\" src=\"https:\/\/www.suave.ppg.br\/blog\/wp-content\/uploads\/2022\/05\/03-3.jpg\" alt=\"\" class=\"wp-image-1241\" srcset=\"https:\/\/www.suave.ppg.br\/blog\/wp-content\/uploads\/2022\/05\/03-3.jpg 1080w, https:\/\/www.suave.ppg.br\/blog\/wp-content\/uploads\/2022\/05\/03-3-300x300.jpg 300w, https:\/\/www.suave.ppg.br\/blog\/wp-content\/uploads\/2022\/05\/03-3-150x150.jpg 150w, https:\/\/www.suave.ppg.br\/blog\/wp-content\/uploads\/2022\/05\/03-3-768x768.jpg 768w, https:\/\/www.suave.ppg.br\/blog\/wp-content\/uploads\/2022\/05\/03-3-96x96.jpg 96w\" sizes=\"(max-width: 1080px) 100vw, 1080px\" \/><\/figure>\n\n\n\n<p>A partir da\u00ed, com o aumento da import\u00e2ncia da publicidade, surgiram as primeiras ag\u00eancias principalmente na Gr\u00e3-Bretanha, EUA e Fran\u00e7a, criando a figura do publicit\u00e1rio.<\/p>\n\n\n\n<p>A ind\u00fastria da publicidade n\u00e3o parou mais de evoluir, acompanhando as transforma\u00e7\u00f5es da comunica\u00e7\u00e3o no mundo. Mas claro que n\u00e3o foram apenas os meios que se transformaram. No in\u00edcio do s\u00e9culo 20, com a Revolu\u00e7\u00e3o Industrial j\u00e1 consolidada e em expans\u00e3o, as empresas buscavam novas formas de vender seus produtos e novos mercados. Para isso, foi preciso estudar mais a fundo o conceito de marca, um tema que at\u00e9 hoje \u00e9 de grande relev\u00e2ncia na ind\u00fastria da comunica\u00e7\u00e3o.<\/p>\n\n\n\n<figure class=\"wp-block-image size-large\"><img loading=\"lazy\" decoding=\"async\" width=\"912\" height=\"607\" src=\"https:\/\/www.suave.ppg.br\/blog\/wp-content\/uploads\/2022\/05\/04-1-edited-1.jpg\" alt=\"\" class=\"wp-image-1244\" srcset=\"https:\/\/www.suave.ppg.br\/blog\/wp-content\/uploads\/2022\/05\/04-1-edited-1.jpg 912w, https:\/\/www.suave.ppg.br\/blog\/wp-content\/uploads\/2022\/05\/04-1-edited-1-300x200.jpg 300w, https:\/\/www.suave.ppg.br\/blog\/wp-content\/uploads\/2022\/05\/04-1-edited-1-768x511.jpg 768w, https:\/\/www.suave.ppg.br\/blog\/wp-content\/uploads\/2022\/05\/04-1-edited-1-150x100.jpg 150w\" sizes=\"(max-width: 912px) 100vw, 912px\" \/><figcaption>Propaganda da Coca-cola de 1906 (Fonte: Coca-cola Company)<\/figcaption><\/figure>\n<\/div>\n\n\n\n<div class=\"wp-block-column is-layout-flow wp-block-column-is-layout-flow\">\n<h2 class=\"wp-block-heading\" style=\"font-size:22px\"><strong>A estrat\u00e9gia de Branding<\/strong><\/h2>\n\n\n\n<p>O Branding ou Brand Management chegou para ser um aliado aos profissionais de marketing que precisavam inserir os produtos nas mentes dos consumidores atrav\u00e9s de estrat\u00e9gias. Geralmente, as empresas escolhiam seu posicionamento em 3 pilares definidos: <strong>pre\u00e7o, nome do produto ou embalagem<\/strong>.&nbsp;<\/p>\n\n\n\n<p>Depois disso, algumas estrat\u00e9gias ganharam popularidade nas ag\u00eancias de publicidade como os slogans, jingles, mascotes e outros tantos diferentes recursos que j\u00e1 estamos familiarizados, para dar \u00eanfase nas campanhas.<br>Ainda assim, o termo Branding \u00e9 um conceito um pouco vago e pode rapidamente tornar-se confuso, mesmo para as pessoas que estudam marketing. <\/p>\n\n\n\n<figure class=\"wp-block-image size-large\"><img loading=\"lazy\" decoding=\"async\" width=\"1079\" height=\"607\" src=\"https:\/\/www.suave.ppg.br\/blog\/wp-content\/uploads\/2022\/05\/05-edited-1.jpg\" alt=\"\" class=\"wp-image-1237\" srcset=\"https:\/\/www.suave.ppg.br\/blog\/wp-content\/uploads\/2022\/05\/05-edited-1.jpg 1079w, https:\/\/www.suave.ppg.br\/blog\/wp-content\/uploads\/2022\/05\/05-edited-1-300x169.jpg 300w, https:\/\/www.suave.ppg.br\/blog\/wp-content\/uploads\/2022\/05\/05-edited-1-768x432.jpg 768w, https:\/\/www.suave.ppg.br\/blog\/wp-content\/uploads\/2022\/05\/05-edited-1-150x84.jpg 150w\" sizes=\"(max-width: 1079px) 100vw, 1079px\" \/><\/figure>\n\n\n\n<p>\u201cUma marca \u00e9 um conjunto de expectativas, mem\u00f3rias, hist\u00f3rias e relacionamentos que, juntos, s\u00e3o respons\u00e1veis por fazer o consumidor escolher um produto ou servi\u00e7o em vez de outro.\u201d (Seth Godin)<\/p>\n\n\n\n<p>\u201cBRANDING \u00e9 um processo estruturado, consistente e integrado, que garante a melhoria cont\u00ednua de entrega da promessa da marca, desde a defini\u00e7\u00e3o dessa promessa at\u00e9 a implementa\u00e7\u00e3o em todos os seus pontos de contato com os p\u00fablicos estrat\u00e9gicos\u201d (Eduardo Tomya)<\/p>\n\n\n\n<p>\u201cBranding est\u00e1 dotando produtos e servi\u00e7os com o poder de uma marca.\u201d (Kotler &amp; Keller)<\/p>\n<\/div>\n<\/div>\n\n\n\n<hr class=\"wp-block-separator has-text-color has-background is-style-wide\" style=\"background-color:#ee0078;color:#ee0078\"\/>\n\n\n\n<p class=\"has-text-align-center\" style=\"font-size:28px\"><strong>Se ainda ficou confuso, vamos tentar simplificar dessa forma:<\/strong><\/p>\n\n\n\n<div class=\"wp-block-columns is-layout-flex wp-container-core-columns-is-layout-2 wp-block-columns-is-layout-flex\">\n<div class=\"wp-block-column is-layout-flow wp-block-column-is-layout-flow\">\n<h2 class=\"has-text-align-center has-white-color has-text-color has-background has-medium-font-size wp-block-heading\" style=\"background-color:#ee0078\">Produto<\/h2>\n\n\n\n<p>um produto pode ser qualquer experi\u00eancia desde a escolha de um hotel, de uma empresa a\u00e9rea, um curso, uma roupa etc.<\/p>\n<\/div>\n\n\n\n<div class=\"wp-block-column is-layout-flow wp-block-column-is-layout-flow\">\n<h2 class=\"has-text-align-center has-white-color has-vivid-cyan-blue-background-color has-text-color has-background has-medium-font-size wp-block-heading\">Marca<\/h2>\n\n\n\n<p>a marca \u00e9 a ideia ou imagem que as pessoas t\u00eam em mente ao pensar em produtos. Produtos podem ser copiados, mas uma marca ser\u00e1 \u00fanica.<\/p>\n<\/div>\n\n\n\n<div class=\"wp-block-column is-layout-flow wp-block-column-is-layout-flow\">\n<h2 class=\"has-text-align-center has-white-color has-text-color has-background has-medium-font-size wp-block-heading\" style=\"background-color:#ee0078\">Branding<\/h2>\n\n\n\n<p>\u00e9 o processo para moldar uma marca na cabe\u00e7a do consumidor, ajudando as pessoas a se identificarem rapidamente com os seus produtos ou servi\u00e7os.<\/p>\n<\/div>\n<\/div>\n\n\n\n<hr class=\"wp-block-separator has-text-color has-background is-style-wide\" style=\"background-color:#ee0078;color:#ee0078\"\/>\n\n\n\n<div class=\"wp-block-group\"><div class=\"wp-block-group__inner-container is-layout-flow wp-block-group-is-layout-flow\">\n<p class=\"has-text-align-center\" style=\"font-size:28px\"><strong>Acho que agora ficou mais f\u00e1cil<\/strong><\/p>\n\n\n\n<div class=\"wp-block-columns is-layout-flex wp-container-core-columns-is-layout-3 wp-block-columns-is-layout-flex\">\n<div class=\"wp-block-column is-layout-flow wp-block-column-is-layout-flow\">\n<p>Vamos exemplificar o branding de uma das marcas de maior sucesso no mundo, a Apple.<\/p>\n\n\n\n<figure class=\"wp-block-image size-large\"><img loading=\"lazy\" decoding=\"async\" width=\"1080\" height=\"608\" src=\"https:\/\/www.suave.ppg.br\/blog\/wp-content\/uploads\/2022\/05\/06.jpg\" alt=\"\" class=\"wp-image-1263\" srcset=\"https:\/\/www.suave.ppg.br\/blog\/wp-content\/uploads\/2022\/05\/06.jpg 1080w, https:\/\/www.suave.ppg.br\/blog\/wp-content\/uploads\/2022\/05\/06-300x169.jpg 300w, https:\/\/www.suave.ppg.br\/blog\/wp-content\/uploads\/2022\/05\/06-768x432.jpg 768w, https:\/\/www.suave.ppg.br\/blog\/wp-content\/uploads\/2022\/05\/06-150x84.jpg 150w\" sizes=\"(max-width: 1080px) 100vw, 1080px\" \/><\/figure>\n\n\n\n<p>Na d\u00e9cada de 90, a Apple estava \u00e0 beira da queda. Por\u00e9m, Steve Jobs n\u00e3o focou na estrat\u00e9gia de marketing voltada a uma empresa de tecnologia. Ele entendeu que uma boa estrat\u00e9gia de marketing criaria poderosas conex\u00f5es psicol\u00f3gicas nos clientes.<\/p>\n\n\n\n<p>Campanhas com uma linguagem simples como &#8220;Eu sou um Mac e eu um PC&#8221;<\/p>\n<\/div>\n\n\n\n<div class=\"wp-block-column is-layout-flow wp-block-column-is-layout-flow\">\n<p>convenciam os consumidores que a marca era a melhor escolha quando se tratava de laptops pessoais.&nbsp;<\/p>\n\n\n\n<p>At\u00e9 hoje, milh\u00f5es de pessoas no mundo pagam mais por um produto da Apple que dos seus concorrentes. Essa foi mais uma estrat\u00e9gia de branding constru\u00edda pela marca ao longo das d\u00e9cadas, convencendo o consumidor que eles n\u00e3o estavam adquirindo uma mercadoria e sim um produto exclusivo.<\/p>\n\n\n\n<p>A marca tamb\u00e9m entendeu que a arte de contar hist\u00f3rias proporcionaria uma rela\u00e7\u00e3o com o cliente a n\u00edvel emocional. A associa\u00e7\u00e3o da marca com celebridades despertou um luxo ambicioso nos clientes.<\/p>\n\n\n\n<p><\/p>\n<\/div>\n\n\n\n<div class=\"wp-block-column is-layout-flow wp-block-column-is-layout-flow\">\n<p>Finalmente, transpar\u00eancia e honestidade na comunica\u00e7\u00e3o em todos os pontos de contato com o cliente, posicionou a Apple como uma empresa voltada \u00e0s pessoas, inclusive possibilitando uma integra\u00e7\u00e3o simples entre todos os produtos da marca que o acompanham.<\/p>\n\n\n\n<p>Claro que existem in\u00fameras estrat\u00e9gias de Branding e cabe cada marca descobrir a sua, por\u00e9m o pr\u00f3prio Steve Job resumiu bem o conceito em uma de suas c\u00e9lebres frases:&nbsp;&nbsp;<\/p>\n\n\n\n<blockquote class=\"wp-block-quote is-style-large is-layout-flow wp-block-quote-is-layout-flow\"><p>\u201cA chance de fazer uma mem\u00f3ria \u00e9 a ess\u00eancia do marketing de marca\u201d<\/p><\/blockquote>\n<\/div>\n<\/div>\n<\/div><\/div>\n\n\n\n<p>Fontes:&nbsp;<\/p>\n\n\n\n<p>meltwater.com (5 Things to Learn from Apple&#8217;s Marketing Strategy)<br>az.design (What is brand identity? The power of your brand)<br>ecdd.infnet.edu.br (A Hist\u00f3ria da Publicidade e propaganda: Saiba tudo!)<br>smallbusiness.chron.com (Examples of Branding in Marketing)<\/p>\n","protected":false},"excerpt":{"rendered":"<p>O branding evoluiu desde o surgimento da publicidade. Veja como uma das marcas de maior sucesso do planeta soube trabalhar bem a sua estrat\u00e9gia de mercado, combatendo com humor, um de seus principais concorrentes.<\/p>\n","protected":false},"author":19,"featured_media":1274,"comment_status":"open","ping_status":"open","sticky":false,"template":"","format":"standard","meta":{"footnotes":""},"categories":[27,49,30],"tags":[86,87,88,89],"class_list":["post-1221","post","type-post","status-publish","format-standard","has-post-thumbnail","hentry","category-criacao","category-design","category-marketing","tag-branding","tag-criacao","tag-logotipo","tag-marca"],"yoast_head":"<!-- This site is optimized with the Yoast SEO plugin v23.4 - https:\/\/yoast.com\/wordpress\/plugins\/seo\/ -->\n<title>A import\u00e2ncia do Briefing desde os prim\u00f3rdios | Ag\u00eancia Suave<\/title>\n<meta name=\"description\" content=\"Os briefings s\u00e3o utilizados desde os prim\u00f3rdios e s\u00e3o de suma import\u00e2ncia para a comunica\u00e7\u00e3o do marketing. Entenda como ele afeta seu neg\u00f3cio\" \/>\n<meta name=\"robots\" content=\"index, follow, max-snippet:-1, max-image-preview:large, max-video-preview:-1\" \/>\n<link rel=\"canonical\" href=\"https:\/\/www.suave.ppg.br\/blog\/branding-desde-os-primordios\/\" \/>\n<meta property=\"og:locale\" content=\"pt_BR\" \/>\n<meta property=\"og:type\" content=\"article\" \/>\n<meta property=\"og:title\" content=\"A import\u00e2ncia do Briefing desde os prim\u00f3rdios | Ag\u00eancia Suave\" \/>\n<meta property=\"og:description\" content=\"Os briefings s\u00e3o utilizados desde os prim\u00f3rdios e s\u00e3o de suma import\u00e2ncia para a comunica\u00e7\u00e3o do marketing. Entenda como ele afeta seu neg\u00f3cio\" \/>\n<meta property=\"og:url\" content=\"https:\/\/www.suave.ppg.br\/blog\/branding-desde-os-primordios\/\" \/>\n<meta property=\"og:site_name\" content=\"Confira os melhores conte\u00fados sobre comunica\u00e7\u00e3o e marketing de Ribeir\u00e3o Preto\" \/>\n<meta property=\"article:published_time\" content=\"2022-05-19T16:46:50+00:00\" \/>\n<meta property=\"article:modified_time\" content=\"2022-05-19T17:34:18+00:00\" \/>\n<meta property=\"og:image\" content=\"https:\/\/www.suave.ppg.br\/blog\/wp-content\/uploads\/2022\/05\/Sem-Titulo-1.jpg\" \/>\n\t<meta property=\"og:image:width\" content=\"1200\" \/>\n\t<meta property=\"og:image:height\" content=\"675\" \/>\n\t<meta property=\"og:image:type\" content=\"image\/jpeg\" \/>\n<meta name=\"author\" content=\"Ag\u00eancia Suave\" \/>\n<meta name=\"twitter:card\" content=\"summary_large_image\" \/>\n<meta name=\"twitter:label1\" content=\"Escrito por\" \/>\n\t<meta name=\"twitter:data1\" content=\"Ag\u00eancia Suave\" \/>\n\t<meta name=\"twitter:label2\" content=\"Est. tempo de leitura\" \/>\n\t<meta name=\"twitter:data2\" content=\"5 minutos\" \/>\n<script type=\"application\/ld+json\" class=\"yoast-schema-graph\">{\"@context\":\"https:\/\/schema.org\",\"@graph\":[{\"@type\":\"WebPage\",\"@id\":\"https:\/\/www.suave.ppg.br\/blog\/branding-desde-os-primordios\/\",\"url\":\"https:\/\/www.suave.ppg.br\/blog\/branding-desde-os-primordios\/\",\"name\":\"A import\u00e2ncia do Briefing desde os prim\u00f3rdios | Ag\u00eancia Suave\",\"isPartOf\":{\"@id\":\"https:\/\/www.suave.ppg.br\/blog\/#website\"},\"primaryImageOfPage\":{\"@id\":\"https:\/\/www.suave.ppg.br\/blog\/branding-desde-os-primordios\/#primaryimage\"},\"image\":{\"@id\":\"https:\/\/www.suave.ppg.br\/blog\/branding-desde-os-primordios\/#primaryimage\"},\"thumbnailUrl\":\"https:\/\/www.suave.ppg.br\/blog\/wp-content\/uploads\/2022\/05\/Sem-Titulo-1.jpg\",\"datePublished\":\"2022-05-19T16:46:50+00:00\",\"dateModified\":\"2022-05-19T17:34:18+00:00\",\"author\":{\"@id\":\"https:\/\/www.suave.ppg.br\/blog\/#\/schema\/person\/df64f5772af15e769142aa6c0cd44b4b\"},\"description\":\"Os briefings s\u00e3o utilizados desde os prim\u00f3rdios e s\u00e3o de suma import\u00e2ncia para a comunica\u00e7\u00e3o do marketing. Entenda como ele afeta seu neg\u00f3cio\",\"breadcrumb\":{\"@id\":\"https:\/\/www.suave.ppg.br\/blog\/branding-desde-os-primordios\/#breadcrumb\"},\"inLanguage\":\"pt-BR\",\"potentialAction\":[{\"@type\":\"ReadAction\",\"target\":[\"https:\/\/www.suave.ppg.br\/blog\/branding-desde-os-primordios\/\"]}]},{\"@type\":\"ImageObject\",\"inLanguage\":\"pt-BR\",\"@id\":\"https:\/\/www.suave.ppg.br\/blog\/branding-desde-os-primordios\/#primaryimage\",\"url\":\"https:\/\/www.suave.ppg.br\/blog\/wp-content\/uploads\/2022\/05\/Sem-Titulo-1.jpg\",\"contentUrl\":\"https:\/\/www.suave.ppg.br\/blog\/wp-content\/uploads\/2022\/05\/Sem-Titulo-1.jpg\",\"width\":1200,\"height\":675,\"caption\":\"Alvo com dardo preso no centro segurando bilhete com a palavra Branding\"},{\"@type\":\"BreadcrumbList\",\"@id\":\"https:\/\/www.suave.ppg.br\/blog\/branding-desde-os-primordios\/#breadcrumb\",\"itemListElement\":[{\"@type\":\"ListItem\",\"position\":1,\"name\":\"In\u00edcio\",\"item\":\"https:\/\/www.suave.ppg.br\/blog\/\"},{\"@type\":\"ListItem\",\"position\":2,\"name\":\"Um pouco de Branding desde os prim\u00f3rdios\"}]},{\"@type\":\"WebSite\",\"@id\":\"https:\/\/www.suave.ppg.br\/blog\/#website\",\"url\":\"https:\/\/www.suave.ppg.br\/blog\/\",\"name\":\"Confira os melhores conte\u00fados sobre comunica\u00e7\u00e3o e marketing de Ribeir\u00e3o Preto\",\"description\":\"Suave\",\"potentialAction\":[{\"@type\":\"SearchAction\",\"target\":{\"@type\":\"EntryPoint\",\"urlTemplate\":\"https:\/\/www.suave.ppg.br\/blog\/?s={search_term_string}\"},\"query-input\":{\"@type\":\"PropertyValueSpecification\",\"valueRequired\":true,\"valueName\":\"search_term_string\"}}],\"inLanguage\":\"pt-BR\"},{\"@type\":\"Person\",\"@id\":\"https:\/\/www.suave.ppg.br\/blog\/#\/schema\/person\/df64f5772af15e769142aa6c0cd44b4b\",\"name\":\"Ag\u00eancia Suave\",\"image\":{\"@type\":\"ImageObject\",\"inLanguage\":\"pt-BR\",\"@id\":\"https:\/\/www.suave.ppg.br\/blog\/#\/schema\/person\/image\/\",\"url\":\"https:\/\/secure.gravatar.com\/avatar\/340a8fd831127009d4cf47097eebb4b6?s=96&d=mm&r=g\",\"contentUrl\":\"https:\/\/secure.gravatar.com\/avatar\/340a8fd831127009d4cf47097eebb4b6?s=96&d=mm&r=g\",\"caption\":\"Ag\u00eancia Suave\"},\"url\":\"https:\/\/www.suave.ppg.br\/blog\/author\/suave-agencia\/\"}]}<\/script>\n<!-- \/ Yoast SEO plugin. -->","yoast_head_json":{"title":"A import\u00e2ncia do Briefing desde os prim\u00f3rdios | Ag\u00eancia Suave","description":"Os briefings s\u00e3o utilizados desde os prim\u00f3rdios e s\u00e3o de suma import\u00e2ncia para a comunica\u00e7\u00e3o do marketing. Entenda como ele afeta seu neg\u00f3cio","robots":{"index":"index","follow":"follow","max-snippet":"max-snippet:-1","max-image-preview":"max-image-preview:large","max-video-preview":"max-video-preview:-1"},"canonical":"https:\/\/www.suave.ppg.br\/blog\/branding-desde-os-primordios\/","og_locale":"pt_BR","og_type":"article","og_title":"A import\u00e2ncia do Briefing desde os prim\u00f3rdios | Ag\u00eancia Suave","og_description":"Os briefings s\u00e3o utilizados desde os prim\u00f3rdios e s\u00e3o de suma import\u00e2ncia para a comunica\u00e7\u00e3o do marketing. Entenda como ele afeta seu neg\u00f3cio","og_url":"https:\/\/www.suave.ppg.br\/blog\/branding-desde-os-primordios\/","og_site_name":"Confira os melhores conte\u00fados sobre comunica\u00e7\u00e3o e marketing de Ribeir\u00e3o Preto","article_published_time":"2022-05-19T16:46:50+00:00","article_modified_time":"2022-05-19T17:34:18+00:00","og_image":[{"width":1200,"height":675,"url":"https:\/\/www.suave.ppg.br\/blog\/wp-content\/uploads\/2022\/05\/Sem-Titulo-1.jpg","type":"image\/jpeg"}],"author":"Ag\u00eancia Suave","twitter_card":"summary_large_image","twitter_misc":{"Escrito por":"Ag\u00eancia Suave","Est. tempo de leitura":"5 minutos"},"schema":{"@context":"https:\/\/schema.org","@graph":[{"@type":"WebPage","@id":"https:\/\/www.suave.ppg.br\/blog\/branding-desde-os-primordios\/","url":"https:\/\/www.suave.ppg.br\/blog\/branding-desde-os-primordios\/","name":"A import\u00e2ncia do Briefing desde os prim\u00f3rdios | Ag\u00eancia Suave","isPartOf":{"@id":"https:\/\/www.suave.ppg.br\/blog\/#website"},"primaryImageOfPage":{"@id":"https:\/\/www.suave.ppg.br\/blog\/branding-desde-os-primordios\/#primaryimage"},"image":{"@id":"https:\/\/www.suave.ppg.br\/blog\/branding-desde-os-primordios\/#primaryimage"},"thumbnailUrl":"https:\/\/www.suave.ppg.br\/blog\/wp-content\/uploads\/2022\/05\/Sem-Titulo-1.jpg","datePublished":"2022-05-19T16:46:50+00:00","dateModified":"2022-05-19T17:34:18+00:00","author":{"@id":"https:\/\/www.suave.ppg.br\/blog\/#\/schema\/person\/df64f5772af15e769142aa6c0cd44b4b"},"description":"Os briefings s\u00e3o utilizados desde os prim\u00f3rdios e s\u00e3o de suma import\u00e2ncia para a comunica\u00e7\u00e3o do marketing. Entenda como ele afeta seu neg\u00f3cio","breadcrumb":{"@id":"https:\/\/www.suave.ppg.br\/blog\/branding-desde-os-primordios\/#breadcrumb"},"inLanguage":"pt-BR","potentialAction":[{"@type":"ReadAction","target":["https:\/\/www.suave.ppg.br\/blog\/branding-desde-os-primordios\/"]}]},{"@type":"ImageObject","inLanguage":"pt-BR","@id":"https:\/\/www.suave.ppg.br\/blog\/branding-desde-os-primordios\/#primaryimage","url":"https:\/\/www.suave.ppg.br\/blog\/wp-content\/uploads\/2022\/05\/Sem-Titulo-1.jpg","contentUrl":"https:\/\/www.suave.ppg.br\/blog\/wp-content\/uploads\/2022\/05\/Sem-Titulo-1.jpg","width":1200,"height":675,"caption":"Alvo com dardo preso no centro segurando bilhete com a palavra Branding"},{"@type":"BreadcrumbList","@id":"https:\/\/www.suave.ppg.br\/blog\/branding-desde-os-primordios\/#breadcrumb","itemListElement":[{"@type":"ListItem","position":1,"name":"In\u00edcio","item":"https:\/\/www.suave.ppg.br\/blog\/"},{"@type":"ListItem","position":2,"name":"Um pouco de Branding desde os prim\u00f3rdios"}]},{"@type":"WebSite","@id":"https:\/\/www.suave.ppg.br\/blog\/#website","url":"https:\/\/www.suave.ppg.br\/blog\/","name":"Confira os melhores conte\u00fados sobre comunica\u00e7\u00e3o e marketing de Ribeir\u00e3o Preto","description":"Suave","potentialAction":[{"@type":"SearchAction","target":{"@type":"EntryPoint","urlTemplate":"https:\/\/www.suave.ppg.br\/blog\/?s={search_term_string}"},"query-input":{"@type":"PropertyValueSpecification","valueRequired":true,"valueName":"search_term_string"}}],"inLanguage":"pt-BR"},{"@type":"Person","@id":"https:\/\/www.suave.ppg.br\/blog\/#\/schema\/person\/df64f5772af15e769142aa6c0cd44b4b","name":"Ag\u00eancia Suave","image":{"@type":"ImageObject","inLanguage":"pt-BR","@id":"https:\/\/www.suave.ppg.br\/blog\/#\/schema\/person\/image\/","url":"https:\/\/secure.gravatar.com\/avatar\/340a8fd831127009d4cf47097eebb4b6?s=96&d=mm&r=g","contentUrl":"https:\/\/secure.gravatar.com\/avatar\/340a8fd831127009d4cf47097eebb4b6?s=96&d=mm&r=g","caption":"Ag\u00eancia Suave"},"url":"https:\/\/www.suave.ppg.br\/blog\/author\/suave-agencia\/"}]}},"_links":{"self":[{"href":"https:\/\/www.suave.ppg.br\/blog\/wp-json\/wp\/v2\/posts\/1221"}],"collection":[{"href":"https:\/\/www.suave.ppg.br\/blog\/wp-json\/wp\/v2\/posts"}],"about":[{"href":"https:\/\/www.suave.ppg.br\/blog\/wp-json\/wp\/v2\/types\/post"}],"author":[{"embeddable":true,"href":"https:\/\/www.suave.ppg.br\/blog\/wp-json\/wp\/v2\/users\/19"}],"replies":[{"embeddable":true,"href":"https:\/\/www.suave.ppg.br\/blog\/wp-json\/wp\/v2\/comments?post=1221"}],"version-history":[{"count":24,"href":"https:\/\/www.suave.ppg.br\/blog\/wp-json\/wp\/v2\/posts\/1221\/revisions"}],"predecessor-version":[{"id":1278,"href":"https:\/\/www.suave.ppg.br\/blog\/wp-json\/wp\/v2\/posts\/1221\/revisions\/1278"}],"wp:featuredmedia":[{"embeddable":true,"href":"https:\/\/www.suave.ppg.br\/blog\/wp-json\/wp\/v2\/media\/1274"}],"wp:attachment":[{"href":"https:\/\/www.suave.ppg.br\/blog\/wp-json\/wp\/v2\/media?parent=1221"}],"wp:term":[{"taxonomy":"category","embeddable":true,"href":"https:\/\/www.suave.ppg.br\/blog\/wp-json\/wp\/v2\/categories?post=1221"},{"taxonomy":"post_tag","embeddable":true,"href":"https:\/\/www.suave.ppg.br\/blog\/wp-json\/wp\/v2\/tags?post=1221"}],"curies":[{"name":"wp","href":"https:\/\/api.w.org\/{rel}","templated":true}]}}