{"id":940,"date":"2020-03-27T18:39:05","date_gmt":"2020-03-27T21:39:05","guid":{"rendered":"https:\/\/www.suave.ppg.br\/blog\/?p=940"},"modified":"2022-01-11T15:01:06","modified_gmt":"2022-01-11T17:01:06","slug":"novo-coronavirus-o-virus-que-se-tornou-uma-ameaca-global-suave","status":"publish","type":"post","link":"https:\/\/www.suave.ppg.br\/blog\/novo-coronavirus-o-virus-que-se-tornou-uma-ameaca-global-suave\/","title":{"rendered":"Novo coronav\u00edrus: a gripe que se tornou uma amea\u00e7a global"},"content":{"rendered":"\n<p>Sim, o avan\u00e7o do novo coronav\u00edrus \u00e9 o assunto mais comentado em<br>todos meios de comunica\u00e7\u00e3o do mundo!<br>Se voc\u00ea ainda n\u00e3o entendeu a origem desse problema e o que ele<br>pode acarretar na sa\u00fade de diferentes perfis de pessoas, este texto<br>vai te ajudar compreender melhor. Lembre-se, a informa\u00e7\u00e3o \u00e9 a<br>melhor arma nesta luta!<\/p>\n\n\n\n<p>O coronav\u00edrus \u00e9 uma fam\u00edlia de v\u00edrus que causa infec\u00e7\u00f5es<br>respirat\u00f3rias. O novo agente do coronav\u00edrus (SARS-CoV-2) foi<br>descoberto em dezembro de 2019, ap\u00f3s caso registrado em uma<br>prov\u00edncia na China. Ele provoca a doen\u00e7a chamada covid-19.<br>A dissemina\u00e7\u00e3o desse v\u00edrus ocorre de uma forma muita r\u00e1pida, pois \u00e9<br>transmitido assim como uma simples gripe, atrav\u00e9s do contato com<br>pessoas ou objetos contaminados.<br><br><\/p>\n\n\n\n<h2 class=\"wp-block-heading\"> <br>Quais s\u00e3o os sintomas da covid-19? <\/h2>\n\n\n\n<p>Os sintomas s\u00e3o similares a de um resfriado, mas ela tamb\u00e9m pode<br>causar infec\u00e7\u00e3o do trato respirat\u00f3rio inferior, como as pneumonias.<br>Por\u00e9m, ainda ocorrem estudos sobre a doen\u00e7a.<br><\/p>\n\n\n\n<p>Os principais sintomas conhecidos at\u00e9 o momento s\u00e3o:<\/p>\n\n\n\n<ul class=\"wp-block-list\"><li>Febre<\/li><li>Tosse<\/li><li>Dificuldade de respira<\/li><li><\/li><\/ul>\n\n\n\n<ul class=\"wp-block-list\"><li>Lembrando que, geralmente, os sintomas se apresentam em<br> conjunto.<\/li><\/ul>\n\n\n\n<figure class=\"wp-block-image\"><img loading=\"lazy\" decoding=\"async\" width=\"1220\" height=\"686\" src=\"https:\/\/www.suave.ppg.br\/blog\/wp-content\/uploads\/2020\/03\/iStock-1180562750-1220x686.jpg\" alt=\"\" class=\"wp-image-941\" srcset=\"https:\/\/www.suave.ppg.br\/blog\/wp-content\/uploads\/2020\/03\/iStock-1180562750-1220x686.jpg 1220w, https:\/\/www.suave.ppg.br\/blog\/wp-content\/uploads\/2020\/03\/iStock-1180562750-300x169.jpg 300w, https:\/\/www.suave.ppg.br\/blog\/wp-content\/uploads\/2020\/03\/iStock-1180562750-768x432.jpg 768w, https:\/\/www.suave.ppg.br\/blog\/wp-content\/uploads\/2020\/03\/iStock-1180562750-340x191.jpg 340w\" sizes=\"(max-width: 1220px) 100vw, 1220px\" \/><\/figure>\n\n\n\n<h2 class=\"wp-block-heading\"> <br>Como a covid-19 \u00e9 transmitida? <\/h2>\n\n\n\n<p>Sabe aquele aperto de m\u00e3o casual? Pois \u00e9, ele ajuda na transmiss\u00e3o desse v\u00edrus, caso uma das partes esteja contaminada. Al\u00e9m de ser transmitido por:<\/p>\n\n\n\n<ul class=\"wp-block-list\"><li>Got\u00edculas de saliva<\/li><li>Espirro<\/li><li>Catarro<\/li><li>Contato com superf\u00edcies ou objetos contaminados, seguido de<br> contato com a boca, nariz ou olhos<br><\/li><\/ul>\n\n\n\n<p>Vale ressaltar que esse v\u00edrus, como a maioria, tem um tempo de incuba\u00e7\u00e3o at\u00e9 que apresente os primeiros sintomas. O per\u00edodo da covid-19 \u00e9 de 2 a 14 dias, conforme os estudos mostram at\u00e9 o momento. <\/p>\n\n\n\n<h2 class=\"wp-block-heading\">Como \u00e9 o tratamento?<\/h2>\n\n\n\n<p>Ainda n\u00e3o h\u00e1 um tratamento espec\u00edfico. Por ser uma novidade global, o v\u00edrus est\u00e1 em estudo. Segundo as recomenda\u00e7\u00f5es do Minist\u00e9rio da Sa\u00fade, \u00e9 indicado repouso e o consumo de muita \u00e1gua, al\u00e9m de<br> algumas medidas para aliviar os sintomas, como por exemplo:<\/p>\n\n\n\n<ul class=\"wp-block-list\"><li>Uso de medicamento para dor e febre receitados pelo m\u00e9dico<br> (antit\u00e9rmicos e analg\u00e9sicos)<\/li><li>Uso de umidificador no quarto ou banhos quentes para auxiliar no<br> al\u00edvio de dor de garganta e tosse<br><\/li><\/ul>\n\n\n\n<p> Geralmente os sintomas s\u00e3o leves. Segundo uma an\u00e1lise da Organiza\u00e7\u00e3o Mundial da Sa\u00fade (OMS), baseada em estudos recentes, 80% s\u00e3o casos leves, 14% s\u00e3o severos e 6% doen\u00e7as s\u00e9rias. <\/p>\n\n\n\n<h2 class=\"wp-block-heading\">Quais os quadros de risco da doen\u00e7a?<\/h2>\n\n\n\n<p>Segundo levantamento, pessoas idosas ou com comorbidades est\u00e3o no grupo de risco, entre elas, os hipertensos, fumantes, diab\u00e9ticos, asm\u00e1ticos e pessoas que possuem doen\u00e7as no cora\u00e7\u00e3o, pois ela atinge diretamente o sistema respirat\u00f3rio. Como falamos acima, a doen\u00e7a teve seu primeiro caso na China e disseminou para o resto do mundo, uma pandemia global.<\/p>\n\n\n\n<h2 class=\"wp-block-heading\">Mas afinal, o que \u00e9 pandemia?<\/h2>\n\n\n\n<p>\u00c9 um termo utilizado para descrever situa\u00e7\u00f5es em que uma doen\u00e7a infecciosa amea\u00e7a muitas pessoas de uma forma simult\u00e2nea no mundo inteiro. Como por exemplo, a gripe su\u00edna de 2009, que causou a morte de centenas de milhares de pessoas.<\/p>\n\n\n\n<figure class=\"wp-block-image\"><img loading=\"lazy\" decoding=\"async\" width=\"1220\" height=\"814\" src=\"https:\/\/www.suave.ppg.br\/blog\/wp-content\/uploads\/2020\/03\/iStock-514363103-1220x814.jpg\" alt=\"\" class=\"wp-image-942\" srcset=\"https:\/\/www.suave.ppg.br\/blog\/wp-content\/uploads\/2020\/03\/iStock-514363103-1220x814.jpg 1220w, https:\/\/www.suave.ppg.br\/blog\/wp-content\/uploads\/2020\/03\/iStock-514363103-300x200.jpg 300w, https:\/\/www.suave.ppg.br\/blog\/wp-content\/uploads\/2020\/03\/iStock-514363103-768x512.jpg 768w\" sizes=\"(max-width: 1220px) 100vw, 1220px\" \/><figcaption>A cropped shot of a young woman washing her hands in her bathroom<\/figcaption><\/figure>\n\n\n\n<h2 class=\"wp-block-heading\">Como podemos prevenir a transmiss\u00e3o desse v\u00edrus?<\/h2>\n\n\n\n<ul class=\"wp-block-list\"><li>Lavar as m\u00e3os frequentemente com \u00e1gua e sab\u00e3o, e ter como um<br>\nforte aliado o \u00e1lcool gel<\/li><li>Evitar tocar nos olhos, nariz e boca com as m\u00e3os n\u00e3o lavadas<\/li><li>Evitar contato pr\u00f3ximo com pessoas contaminadas<\/li><li>Ficar em casa, isolado, quando estiver doente<\/li><li>Cobrir boca e nariz ao tossir e espirrar com um len\u00e7o de papel e<br>\njogar no lixo<\/li><li>Limpar e desinfetar objetos e superf\u00edcies tocados com frequ\u00eancia<\/li><\/ul>\n\n\n\n<h2 class=\"wp-block-heading\">Quando procurar o m\u00e9dico?<\/h2>\n\n\n\n<p>Apresentando os principais sintomas da covid-19 voc\u00ea deve procurar ajuda m\u00e9dica para verificar seu quadro cl\u00ednico. Os casos graves devem ser encaminhados para um&nbsp;Hospital de Refer\u00eancia Estadual, para isolamento e tratamento.<br>Os suspeitos leves podem n\u00e3o necessitar de hospitaliza\u00e7\u00e3o, e s\u00e3o acompanhados pela Aten\u00e7\u00e3o Prim\u00e1ria e institu\u00eddas medidas de precau\u00e7\u00e3o domiciliar.  Consulte a lista dos&nbsp;hospitais que prestam atendimento. Consulte a lista de&nbsp;Unidade B\u00e1sica de Sa\u00fade que prestam atendimento em seu munic\u00edpio.<\/p>\n\n\n\n<h2 class=\"wp-block-heading\">Impacto mundial!<\/h2>\n\n\n\n<p>Ningu\u00e9m esperava por uma pandemia global em menos de quatro meses. Por\u00e9m, \u00e9 este cen\u00e1rio em mar\u00e7o de 2020, e o mundo todo est\u00e1 lutando contra. Infelizmente, ainda n\u00e3o h\u00e1 uma cura definitiva e alguns dos mecanismos desse novo v\u00edrus est\u00e3o sendo descobertos. A crise est\u00e1 afetando, mundialmente, a sa\u00fade p\u00fablica e privada, al\u00e9m da economia.<br> Segundo representantes de alguns pa\u00edses, o mundo ir\u00e1 entrar em recess\u00e3o na economia, pela paralisa\u00e7\u00e3o frente \u00e0 pandemia. Nos pr\u00f3ximos meses ir\u00e1 ocorrer um decl\u00ednio econ\u00f4mico. Em alguns pa\u00edses, estados ou cidades, j\u00e1 foi orientado que as pessoas fiquem em casa, em uma tentativa de conter a transmiss\u00e3o da covid-19.<\/p>\n\n\n\n<figure class=\"wp-block-image\"><img loading=\"lazy\" decoding=\"async\" width=\"1220\" height=\"813\" src=\"https:\/\/www.suave.ppg.br\/blog\/wp-content\/uploads\/2020\/03\/iStock-1091348950-1220x813.jpg\" alt=\"\" class=\"wp-image-943\" srcset=\"https:\/\/www.suave.ppg.br\/blog\/wp-content\/uploads\/2020\/03\/iStock-1091348950-1220x813.jpg 1220w, https:\/\/www.suave.ppg.br\/blog\/wp-content\/uploads\/2020\/03\/iStock-1091348950-300x200.jpg 300w, https:\/\/www.suave.ppg.br\/blog\/wp-content\/uploads\/2020\/03\/iStock-1091348950-768x512.jpg 768w\" sizes=\"(max-width: 1220px) 100vw, 1220px\" \/><figcaption>Close up of hands typing on laptop. Night work concept.<\/figcaption><\/figure>\n\n\n\n<h2 class=\"wp-block-heading\">Qual a import\u00e2ncia dos meios de comunica\u00e7\u00e3o neste cen\u00e1rio?<\/h2>\n\n\n\n<p>Nestes dias que enfrentamos a pandemia, os meios de comunica\u00e7\u00e3o s\u00e3o essenciais. Atrav\u00e9s deles s\u00e3o divulgados dados do mundo inteiro sobre o avan\u00e7o ou conten\u00e7\u00e3o do novo coronav\u00edrus, todos os sistemas de sa\u00fade conseguem ter um acesso mais r\u00e1pido \u00e0 popula\u00e7\u00e3o para promover toda forma de ajuda para preven\u00e7\u00e3o da transmiss\u00e3o do v\u00edrus, al\u00e9m informar o que ocorre globalmente.<\/p>\n\n\n\n<h2 class=\"wp-block-heading\">Controle<\/h2>\n\n\n\n<p>Por determina\u00e7\u00e3o da Organiza\u00e7\u00e3o Mundial da Sa\u00fade, os pa\u00edses devem enviar informa\u00e7\u00f5es padronizadas de casos suspeitos que ocorram no seu territ\u00f3rio. Considerando a inexist\u00eancia de sistema de informa\u00e7\u00e3o que contemple essas informa\u00e7\u00f5es, o Minist\u00e9rio da Sa\u00fade recomenda que todos os casos notificados aos Estados, Distrito Federal e Munic\u00edpios, sejam transcritos para esse formul\u00e1rio em at\u00e9 24 horas a partir do conhecimento do caso.<\/p>\n","protected":false},"excerpt":{"rendered":"<p>Sim, o avan\u00e7o do novo coronav\u00edrus \u00e9 o assunto mais comentado emtodos meios de comunica\u00e7\u00e3o do mundo!Se voc\u00ea ainda n\u00e3o entendeu a origem desse problema e o que elepode acarretar na sa\u00fade de diferentes perfis de pessoas, este textovai te ajudar compreender melhor. Lembre-se, a informa\u00e7\u00e3o \u00e9 amelhor arma nesta luta! O coronav\u00edrus \u00e9 uma [&hellip;]<\/p>\n","protected":false},"author":19,"featured_media":944,"comment_status":"open","ping_status":"open","sticky":false,"template":"","format":"standard","meta":{"footnotes":""},"categories":[1],"tags":[63,62,64],"class_list":["post-940","post","type-post","status-publish","format-standard","has-post-thumbnail","hentry","category-sem-categoria","tag-comunicacao","tag-coronavirus","tag-covid"],"yoast_head":"<!-- This site is optimized with the Yoast SEO plugin v23.4 - https:\/\/yoast.com\/wordpress\/plugins\/seo\/ -->\n<title>Novo Coronavirus | O virus que se tornou uma amea\u00e7a global | Suave<\/title>\n<meta name=\"description\" content=\"As mudan\u00e7as causadas por conta do novo coronavirus. Acesse nosso site e saiba como isso influenciou pessoas e empresas de diversos ramos!\" \/>\n<meta name=\"robots\" content=\"index, follow, max-snippet:-1, max-image-preview:large, max-video-preview:-1\" \/>\n<link rel=\"canonical\" href=\"https:\/\/www.suave.ppg.br\/blog\/novo-coronavirus-o-virus-que-se-tornou-uma-ameaca-global-suave\/\" \/>\n<meta property=\"og:locale\" content=\"pt_BR\" \/>\n<meta property=\"og:type\" content=\"article\" \/>\n<meta property=\"og:title\" content=\"Novo Coronavirus | O virus que se tornou uma amea\u00e7a global | Suave\" \/>\n<meta property=\"og:description\" content=\"As mudan\u00e7as causadas por conta do novo coronavirus. Acesse nosso site e saiba como isso influenciou pessoas e empresas de diversos ramos!\" \/>\n<meta property=\"og:url\" content=\"https:\/\/www.suave.ppg.br\/blog\/novo-coronavirus-o-virus-que-se-tornou-uma-ameaca-global-suave\/\" \/>\n<meta property=\"og:site_name\" content=\"Confira os melhores conte\u00fados sobre comunica\u00e7\u00e3o e marketing de Ribeir\u00e3o Preto\" \/>\n<meta property=\"article:published_time\" content=\"2020-03-27T21:39:05+00:00\" \/>\n<meta property=\"article:modified_time\" content=\"2022-01-11T17:01:06+00:00\" \/>\n<meta property=\"og:image\" content=\"https:\/\/www.suave.ppg.br\/blog\/wp-content\/uploads\/2020\/03\/iStock-1206774789-1220x604.jpg\" \/>\n\t<meta property=\"og:image:width\" content=\"1220\" \/>\n\t<meta property=\"og:image:height\" content=\"604\" \/>\n\t<meta property=\"og:image:type\" content=\"image\/jpeg\" \/>\n<meta name=\"author\" content=\"Ag\u00eancia Suave\" \/>\n<meta name=\"twitter:card\" content=\"summary_large_image\" \/>\n<meta name=\"twitter:label1\" content=\"Escrito por\" \/>\n\t<meta name=\"twitter:data1\" content=\"Ag\u00eancia Suave\" \/>\n\t<meta name=\"twitter:label2\" content=\"Est. tempo de leitura\" \/>\n\t<meta name=\"twitter:data2\" content=\"5 minutos\" \/>\n<script type=\"application\/ld+json\" class=\"yoast-schema-graph\">{\"@context\":\"https:\/\/schema.org\",\"@graph\":[{\"@type\":\"WebPage\",\"@id\":\"https:\/\/www.suave.ppg.br\/blog\/novo-coronavirus-o-virus-que-se-tornou-uma-ameaca-global-suave\/\",\"url\":\"https:\/\/www.suave.ppg.br\/blog\/novo-coronavirus-o-virus-que-se-tornou-uma-ameaca-global-suave\/\",\"name\":\"Novo Coronavirus | O virus que se tornou uma amea\u00e7a global | Suave\",\"isPartOf\":{\"@id\":\"https:\/\/www.suave.ppg.br\/blog\/#website\"},\"primaryImageOfPage\":{\"@id\":\"https:\/\/www.suave.ppg.br\/blog\/novo-coronavirus-o-virus-que-se-tornou-uma-ameaca-global-suave\/#primaryimage\"},\"image\":{\"@id\":\"https:\/\/www.suave.ppg.br\/blog\/novo-coronavirus-o-virus-que-se-tornou-uma-ameaca-global-suave\/#primaryimage\"},\"thumbnailUrl\":\"https:\/\/www.suave.ppg.br\/blog\/wp-content\/uploads\/2020\/03\/iStock-1206774789.jpg\",\"datePublished\":\"2020-03-27T21:39:05+00:00\",\"dateModified\":\"2022-01-11T17:01:06+00:00\",\"author\":{\"@id\":\"https:\/\/www.suave.ppg.br\/blog\/#\/schema\/person\/df64f5772af15e769142aa6c0cd44b4b\"},\"description\":\"As mudan\u00e7as causadas por conta do novo coronavirus. Acesse nosso site e saiba como isso influenciou pessoas e empresas de diversos ramos!\",\"breadcrumb\":{\"@id\":\"https:\/\/www.suave.ppg.br\/blog\/novo-coronavirus-o-virus-que-se-tornou-uma-ameaca-global-suave\/#breadcrumb\"},\"inLanguage\":\"pt-BR\",\"potentialAction\":[{\"@type\":\"ReadAction\",\"target\":[\"https:\/\/www.suave.ppg.br\/blog\/novo-coronavirus-o-virus-que-se-tornou-uma-ameaca-global-suave\/\"]}]},{\"@type\":\"ImageObject\",\"inLanguage\":\"pt-BR\",\"@id\":\"https:\/\/www.suave.ppg.br\/blog\/novo-coronavirus-o-virus-que-se-tornou-uma-ameaca-global-suave\/#primaryimage\",\"url\":\"https:\/\/www.suave.ppg.br\/blog\/wp-content\/uploads\/2020\/03\/iStock-1206774789.jpg\",\"contentUrl\":\"https:\/\/www.suave.ppg.br\/blog\/wp-content\/uploads\/2020\/03\/iStock-1206774789.jpg\",\"width\":4485,\"height\":2219,\"caption\":\"Coronavirus virus outbreak and coronaviruses influenza background as dangerous flu strain cases as a pandemic medical health risk concept with disease cells as a 3D render\"},{\"@type\":\"BreadcrumbList\",\"@id\":\"https:\/\/www.suave.ppg.br\/blog\/novo-coronavirus-o-virus-que-se-tornou-uma-ameaca-global-suave\/#breadcrumb\",\"itemListElement\":[{\"@type\":\"ListItem\",\"position\":1,\"name\":\"In\u00edcio\",\"item\":\"https:\/\/www.suave.ppg.br\/blog\/\"},{\"@type\":\"ListItem\",\"position\":2,\"name\":\"Novo coronav\u00edrus: a gripe que se tornou uma amea\u00e7a global\"}]},{\"@type\":\"WebSite\",\"@id\":\"https:\/\/www.suave.ppg.br\/blog\/#website\",\"url\":\"https:\/\/www.suave.ppg.br\/blog\/\",\"name\":\"Confira os melhores conte\u00fados sobre comunica\u00e7\u00e3o e marketing de Ribeir\u00e3o Preto\",\"description\":\"Suave\",\"potentialAction\":[{\"@type\":\"SearchAction\",\"target\":{\"@type\":\"EntryPoint\",\"urlTemplate\":\"https:\/\/www.suave.ppg.br\/blog\/?s={search_term_string}\"},\"query-input\":{\"@type\":\"PropertyValueSpecification\",\"valueRequired\":true,\"valueName\":\"search_term_string\"}}],\"inLanguage\":\"pt-BR\"},{\"@type\":\"Person\",\"@id\":\"https:\/\/www.suave.ppg.br\/blog\/#\/schema\/person\/df64f5772af15e769142aa6c0cd44b4b\",\"name\":\"Ag\u00eancia Suave\",\"image\":{\"@type\":\"ImageObject\",\"inLanguage\":\"pt-BR\",\"@id\":\"https:\/\/www.suave.ppg.br\/blog\/#\/schema\/person\/image\/\",\"url\":\"https:\/\/secure.gravatar.com\/avatar\/340a8fd831127009d4cf47097eebb4b6?s=96&d=mm&r=g\",\"contentUrl\":\"https:\/\/secure.gravatar.com\/avatar\/340a8fd831127009d4cf47097eebb4b6?s=96&d=mm&r=g\",\"caption\":\"Ag\u00eancia Suave\"},\"url\":\"https:\/\/www.suave.ppg.br\/blog\/author\/suave-agencia\/\"}]}<\/script>\n<!-- \/ Yoast SEO plugin. -->","yoast_head_json":{"title":"Novo Coronavirus | O virus que se tornou uma amea\u00e7a global | Suave","description":"As mudan\u00e7as causadas por conta do novo coronavirus. Acesse nosso site e saiba como isso influenciou pessoas e empresas de diversos ramos!","robots":{"index":"index","follow":"follow","max-snippet":"max-snippet:-1","max-image-preview":"max-image-preview:large","max-video-preview":"max-video-preview:-1"},"canonical":"https:\/\/www.suave.ppg.br\/blog\/novo-coronavirus-o-virus-que-se-tornou-uma-ameaca-global-suave\/","og_locale":"pt_BR","og_type":"article","og_title":"Novo Coronavirus | O virus que se tornou uma amea\u00e7a global | Suave","og_description":"As mudan\u00e7as causadas por conta do novo coronavirus. Acesse nosso site e saiba como isso influenciou pessoas e empresas de diversos ramos!","og_url":"https:\/\/www.suave.ppg.br\/blog\/novo-coronavirus-o-virus-que-se-tornou-uma-ameaca-global-suave\/","og_site_name":"Confira os melhores conte\u00fados sobre comunica\u00e7\u00e3o e marketing de Ribeir\u00e3o Preto","article_published_time":"2020-03-27T21:39:05+00:00","article_modified_time":"2022-01-11T17:01:06+00:00","og_image":[{"width":1220,"height":604,"url":"https:\/\/www.suave.ppg.br\/blog\/wp-content\/uploads\/2020\/03\/iStock-1206774789-1220x604.jpg","type":"image\/jpeg"}],"author":"Ag\u00eancia Suave","twitter_card":"summary_large_image","twitter_misc":{"Escrito por":"Ag\u00eancia Suave","Est. tempo de leitura":"5 minutos"},"schema":{"@context":"https:\/\/schema.org","@graph":[{"@type":"WebPage","@id":"https:\/\/www.suave.ppg.br\/blog\/novo-coronavirus-o-virus-que-se-tornou-uma-ameaca-global-suave\/","url":"https:\/\/www.suave.ppg.br\/blog\/novo-coronavirus-o-virus-que-se-tornou-uma-ameaca-global-suave\/","name":"Novo Coronavirus | O virus que se tornou uma amea\u00e7a global | Suave","isPartOf":{"@id":"https:\/\/www.suave.ppg.br\/blog\/#website"},"primaryImageOfPage":{"@id":"https:\/\/www.suave.ppg.br\/blog\/novo-coronavirus-o-virus-que-se-tornou-uma-ameaca-global-suave\/#primaryimage"},"image":{"@id":"https:\/\/www.suave.ppg.br\/blog\/novo-coronavirus-o-virus-que-se-tornou-uma-ameaca-global-suave\/#primaryimage"},"thumbnailUrl":"https:\/\/www.suave.ppg.br\/blog\/wp-content\/uploads\/2020\/03\/iStock-1206774789.jpg","datePublished":"2020-03-27T21:39:05+00:00","dateModified":"2022-01-11T17:01:06+00:00","author":{"@id":"https:\/\/www.suave.ppg.br\/blog\/#\/schema\/person\/df64f5772af15e769142aa6c0cd44b4b"},"description":"As mudan\u00e7as causadas por conta do novo coronavirus. Acesse nosso site e saiba como isso influenciou pessoas e empresas de diversos ramos!","breadcrumb":{"@id":"https:\/\/www.suave.ppg.br\/blog\/novo-coronavirus-o-virus-que-se-tornou-uma-ameaca-global-suave\/#breadcrumb"},"inLanguage":"pt-BR","potentialAction":[{"@type":"ReadAction","target":["https:\/\/www.suave.ppg.br\/blog\/novo-coronavirus-o-virus-que-se-tornou-uma-ameaca-global-suave\/"]}]},{"@type":"ImageObject","inLanguage":"pt-BR","@id":"https:\/\/www.suave.ppg.br\/blog\/novo-coronavirus-o-virus-que-se-tornou-uma-ameaca-global-suave\/#primaryimage","url":"https:\/\/www.suave.ppg.br\/blog\/wp-content\/uploads\/2020\/03\/iStock-1206774789.jpg","contentUrl":"https:\/\/www.suave.ppg.br\/blog\/wp-content\/uploads\/2020\/03\/iStock-1206774789.jpg","width":4485,"height":2219,"caption":"Coronavirus virus outbreak and coronaviruses influenza background as dangerous flu strain cases as a pandemic medical health risk concept with disease cells as a 3D render"},{"@type":"BreadcrumbList","@id":"https:\/\/www.suave.ppg.br\/blog\/novo-coronavirus-o-virus-que-se-tornou-uma-ameaca-global-suave\/#breadcrumb","itemListElement":[{"@type":"ListItem","position":1,"name":"In\u00edcio","item":"https:\/\/www.suave.ppg.br\/blog\/"},{"@type":"ListItem","position":2,"name":"Novo coronav\u00edrus: a gripe que se tornou uma amea\u00e7a global"}]},{"@type":"WebSite","@id":"https:\/\/www.suave.ppg.br\/blog\/#website","url":"https:\/\/www.suave.ppg.br\/blog\/","name":"Confira os melhores conte\u00fados sobre comunica\u00e7\u00e3o e marketing de Ribeir\u00e3o Preto","description":"Suave","potentialAction":[{"@type":"SearchAction","target":{"@type":"EntryPoint","urlTemplate":"https:\/\/www.suave.ppg.br\/blog\/?s={search_term_string}"},"query-input":{"@type":"PropertyValueSpecification","valueRequired":true,"valueName":"search_term_string"}}],"inLanguage":"pt-BR"},{"@type":"Person","@id":"https:\/\/www.suave.ppg.br\/blog\/#\/schema\/person\/df64f5772af15e769142aa6c0cd44b4b","name":"Ag\u00eancia Suave","image":{"@type":"ImageObject","inLanguage":"pt-BR","@id":"https:\/\/www.suave.ppg.br\/blog\/#\/schema\/person\/image\/","url":"https:\/\/secure.gravatar.com\/avatar\/340a8fd831127009d4cf47097eebb4b6?s=96&d=mm&r=g","contentUrl":"https:\/\/secure.gravatar.com\/avatar\/340a8fd831127009d4cf47097eebb4b6?s=96&d=mm&r=g","caption":"Ag\u00eancia Suave"},"url":"https:\/\/www.suave.ppg.br\/blog\/author\/suave-agencia\/"}]}},"_links":{"self":[{"href":"https:\/\/www.suave.ppg.br\/blog\/wp-json\/wp\/v2\/posts\/940"}],"collection":[{"href":"https:\/\/www.suave.ppg.br\/blog\/wp-json\/wp\/v2\/posts"}],"about":[{"href":"https:\/\/www.suave.ppg.br\/blog\/wp-json\/wp\/v2\/types\/post"}],"author":[{"embeddable":true,"href":"https:\/\/www.suave.ppg.br\/blog\/wp-json\/wp\/v2\/users\/19"}],"replies":[{"embeddable":true,"href":"https:\/\/www.suave.ppg.br\/blog\/wp-json\/wp\/v2\/comments?post=940"}],"version-history":[{"count":2,"href":"https:\/\/www.suave.ppg.br\/blog\/wp-json\/wp\/v2\/posts\/940\/revisions"}],"predecessor-version":[{"id":1133,"href":"https:\/\/www.suave.ppg.br\/blog\/wp-json\/wp\/v2\/posts\/940\/revisions\/1133"}],"wp:featuredmedia":[{"embeddable":true,"href":"https:\/\/www.suave.ppg.br\/blog\/wp-json\/wp\/v2\/media\/944"}],"wp:attachment":[{"href":"https:\/\/www.suave.ppg.br\/blog\/wp-json\/wp\/v2\/media?parent=940"}],"wp:term":[{"taxonomy":"category","embeddable":true,"href":"https:\/\/www.suave.ppg.br\/blog\/wp-json\/wp\/v2\/categories?post=940"},{"taxonomy":"post_tag","embeddable":true,"href":"https:\/\/www.suave.ppg.br\/blog\/wp-json\/wp\/v2\/tags?post=940"}],"curies":[{"name":"wp","href":"https:\/\/api.w.org\/{rel}","templated":true}]}}