{"id":996,"date":"2020-06-18T19:10:39","date_gmt":"2020-06-18T22:10:39","guid":{"rendered":"https:\/\/www.suave.ppg.br\/blog\/?p=996"},"modified":"2022-01-11T15:05:17","modified_gmt":"2022-01-11T17:05:17","slug":"conheca-nossa-historia-a-quase-40-anos-em-ribeirao-suave-blog","status":"publish","type":"post","link":"https:\/\/www.suave.ppg.br\/blog\/conheca-nossa-historia-a-quase-40-anos-em-ribeirao-suave-blog\/","title":{"rendered":"Suave participa h\u00e1 quase 40 anos da hist\u00f3ria de Ribeir\u00e3o Preto!"},"content":{"rendered":"\n<p>A\ntrajet\u00f3ria da Suave acompanha a de Ribeir\u00e3o Preto. Neste ano, nossa querida\ncidade chega aos seus 164 anos e quase 40 deles foram partilhados pela Suave e\npelo Itamar Soave, nosso fundador, que apesar de batataense, escolheu e\nacreditou na \u201cCalif\u00f3rnia Brasileira\u201d para desenvolver seus neg\u00f3cios e construir\numa vida de muito trabalho, mas tamb\u00e9m de muito sucesso.<\/p>\n\n\n\n<p>A\nag\u00eancia, que nasceu em 1981 em Batatais, contou com escrit\u00f3rio de apoio em\nRibeir\u00e3o por muitos anos e, em 1996, se instalou de vez por aqui. Primeiro na\nrua Am\u00e9rico Brasiliense, no centro da cidade, depois na Paschoal Innechi e,\nagora, em sua sede atual, na rua Maestro Ign\u00e1cio St\u00e1bile, na Zona Sul de\nRibeir\u00e3o.<\/p>\n\n\n\n<figure class=\"wp-block-image\"><img loading=\"lazy\" decoding=\"async\" width=\"1220\" height=\"686\" src=\"https:\/\/www.suave.ppg.br\/blog\/wp-content\/uploads\/2020\/06\/1-1220x686.png\" alt=\"\" class=\"wp-image-997\" srcset=\"https:\/\/www.suave.ppg.br\/blog\/wp-content\/uploads\/2020\/06\/1-1220x686.png 1220w, https:\/\/www.suave.ppg.br\/blog\/wp-content\/uploads\/2020\/06\/1-300x169.png 300w, https:\/\/www.suave.ppg.br\/blog\/wp-content\/uploads\/2020\/06\/1-768x432.png 768w, https:\/\/www.suave.ppg.br\/blog\/wp-content\/uploads\/2020\/06\/1-340x191.png 340w, https:\/\/www.suave.ppg.br\/blog\/wp-content\/uploads\/2020\/06\/1.png 1920w\" sizes=\"(max-width: 1220px) 100vw, 1220px\" \/><figcaption>Itamar Soave, Conselheiro e Fundador da Ag\u00eancia Suave<\/figcaption><\/figure>\n\n\n\n<p>Itamar\nconta que nesta longa trajet\u00f3ria nem tudo foi t\u00e3o \u201csuave\u201d assim, mas que todos\nos momentos de turbul\u00eancia foram enfrentados com calma, dedica\u00e7\u00e3o e a confian\u00e7a\nde estar fazendo o trabalho com compet\u00eancia, alcan\u00e7ando o sucesso t\u00e3o esperado\npor cada um dos clientes Suave.<\/p>\n\n\n\n<p>Neste momento t\u00e3o emblem\u00e1tico que vivemos no mundo, ainda mais sens\u00edvel em meio \u00e0s homenagens do anivers\u00e1rio de Ribeir\u00e3o Preto, nada melhor que recuperar essa hist\u00f3ria que nos orgulha, e que tamb\u00e9m faz parte da hist\u00f3ria da cidade, em uma gostosa entrevista com Itamar.<\/p>\n\n\n\n<p><strong>Como foi\na decis\u00e3o de abrir a Suave em Ribeir\u00e3o Preto?<\/strong><\/p>\n\n\n\n<p>A Suave\nnasceu em Batatais em 1981, pela oportunidade de mercado com a chegada da\nregionaliza\u00e7\u00e3o das redes de TV, sendo que a pioneira regional foi a TV Record\nde Franca e depois veio a ent\u00e3o TV Ribeir\u00e3o, hoje a EPTV, depois vieram as\ndemais TV Clube, SBT e inclusive Thathi. A mudan\u00e7a para Ribeir\u00e3o Preto foi pelo\ncrescimento dos neg\u00f3cios e clientes e especialmente pela facilidade de m\u00e3o de\nobra, pois, inclusive,&nbsp;as Universidades quase n\u00e3o tinham cursos de\nforma\u00e7\u00e3o o que se intensificou&nbsp;com a atua\u00e7\u00e3o das emissoras regionais.<\/p>\n\n\n\n<p><strong>Naquele\nmomento voc\u00ea j\u00e1 tinha dimens\u00e3o de que a ag\u00eancia seria o que \u00e9 at\u00e9 hoje?<\/strong><\/p>\n\n\n\n<p>Tudo\naconteceu de forma org\u00e2nica. Conforme fomos conquistando clientes foram\nexigidas as mudan\u00e7as e transforma\u00e7\u00f5es, sonhar grande sempre sonhei, mas onde\nchegamos foi com muita transpira\u00e7\u00e3o e sacrif\u00edcios pessoais e da&nbsp;fam\u00edlia.<\/p>\n\n\n\n<p><strong>Como\nvoc\u00ea se sente ao ver essa hist\u00f3ria de sucesso?<\/strong><\/p>\n\n\n\n<p>Um\nvencedor, um campe\u00e3o! Que sempre contou com time muito dedicado e competente,\npois nada se faz sozinho.<\/p>\n\n\n\n<figure class=\"wp-block-image\"><img loading=\"lazy\" decoding=\"async\" width=\"1080\" height=\"1080\" src=\"https:\/\/www.suave.ppg.br\/blog\/wp-content\/uploads\/2020\/06\/3.png\" alt=\"\" class=\"wp-image-998\" srcset=\"https:\/\/www.suave.ppg.br\/blog\/wp-content\/uploads\/2020\/06\/3.png 1080w, https:\/\/www.suave.ppg.br\/blog\/wp-content\/uploads\/2020\/06\/3-150x150.png 150w, https:\/\/www.suave.ppg.br\/blog\/wp-content\/uploads\/2020\/06\/3-300x300.png 300w, https:\/\/www.suave.ppg.br\/blog\/wp-content\/uploads\/2020\/06\/3-768x768.png 768w, https:\/\/www.suave.ppg.br\/blog\/wp-content\/uploads\/2020\/06\/3-360x360.png 360w\" sizes=\"(max-width: 1080px) 100vw, 1080px\" \/><\/figure>\n\n\n\n<p><strong>Teve\nalgum momento de incerteza e perseveran\u00e7a marcante?<\/strong><\/p>\n\n\n\n<p>Os anos\n80 foram terr\u00edveis e in\u00edcio dos anos 90 tamb\u00e9m, mas vontade e perseveran\u00e7a\nsempre fizeram superar os obst\u00e1culos, dificuldades de cr\u00e9dito para os clientes,\nfalta de confian\u00e7a pol\u00edtica, esc\u00e2ndalos na administra\u00e7\u00e3o p\u00fablica s\u00e3o manchetes\nque se repetem&nbsp;e s\u00e3o ciclot\u00edmicas infelizmente; hoje \u00e9 a pandemia depois\nvir\u00e1 uma outra lava-jato que far\u00e1 muito ru\u00eddo com certeza, mas a hist\u00f3ria \u00e9\nsempre assim, escrita com um roteiro cheio de componentes e atores que fazem o\ndia a dia parecer sempre um nova montanha \u00edngreme a ser escalada rumo ao\npara\u00edso.<\/p>\n\n\n\n<p><strong>Hoje\nsuas filhas est\u00e3o \u00e0 frente da Suave, como \u00e9 ver essa nova hist\u00f3ria ser escrita?<\/strong><\/p>\n\n\n\n<p>Feliz do\nhomem que tem hist\u00f3ria para contar, tenho muitas.&nbsp;<\/p>\n\n\n\n<p>Feliz do\nhomem que leu um livro e plantou uma \u00e1rvore,&nbsp;<\/p>\n\n\n\n<p>Ent\u00e3o,\nsou muito feliz porque semeie em terras f\u00e9rteis produzindo frutos que a nova\ngera\u00e7\u00e3o saber\u00e1 se nutrir e alimentar muitos colaboradores diante de tantas\ntransforma\u00e7\u00f5es.<\/p>\n\n\n\n<p><strong>Se\npudesse dar um conselho para o&nbsp;Itamar&nbsp;que come\u00e7ou tudo isso, qual\nseria?<\/strong><\/p>\n\n\n\n<p>A\nalegria de ter come\u00e7ado&nbsp;ser\u00e1 maior ainda quando os netos ou netas darem\ncontinuidade aos neg\u00f3cios da Fam\u00edlia Suave.<\/p>\n\n\n\n<figure class=\"wp-block-image\"><img loading=\"lazy\" decoding=\"async\" width=\"1080\" height=\"1080\" src=\"https:\/\/www.suave.ppg.br\/blog\/wp-content\/uploads\/2020\/06\/4.png\" alt=\"\" class=\"wp-image-999\" srcset=\"https:\/\/www.suave.ppg.br\/blog\/wp-content\/uploads\/2020\/06\/4.png 1080w, https:\/\/www.suave.ppg.br\/blog\/wp-content\/uploads\/2020\/06\/4-150x150.png 150w, https:\/\/www.suave.ppg.br\/blog\/wp-content\/uploads\/2020\/06\/4-300x300.png 300w, https:\/\/www.suave.ppg.br\/blog\/wp-content\/uploads\/2020\/06\/4-768x768.png 768w, https:\/\/www.suave.ppg.br\/blog\/wp-content\/uploads\/2020\/06\/4-360x360.png 360w\" sizes=\"(max-width: 1080px) 100vw, 1080px\" \/><figcaption>Itamar Soave, Alice, Carla Soave, Carol Soave, Luiza e Jo\u00e3o<\/figcaption><\/figure>\n\n\n\n<p><strong>Como \u00e9\nseu relacionamento com a cidade de Ribeir\u00e3o Preto?<\/strong><\/p>\n\n\n\n<p>Gratid\u00e3o\ne muito cr\u00e9dito a todos que nos acolheram durante estes anos todos, por isso\nestamos investindo e buscando perpetuar nossas ra\u00edzes neste grande mercado.<\/p>\n","protected":false},"excerpt":{"rendered":"<p>A trajet\u00f3ria da Suave acompanha a de Ribeir\u00e3o Preto. Neste ano, nossa querida cidade chega aos seus 164 anos e quase 40 deles foram partilhados pela Suave e pelo Itamar Soave, nosso fundador, que apesar de batataense, escolheu e acreditou na \u201cCalif\u00f3rnia Brasileira\u201d para desenvolver seus neg\u00f3cios e construir uma vida de muito trabalho, mas [&hellip;]<\/p>\n","protected":false},"author":14,"featured_media":1000,"comment_status":"open","ping_status":"open","sticky":false,"template":"","format":"standard","meta":{"footnotes":""},"categories":[1],"tags":[],"class_list":["post-996","post","type-post","status-publish","format-standard","has-post-thumbnail","hentry","category-sem-categoria"],"yoast_head":"<!-- This site is optimized with the Yoast SEO plugin v23.4 - https:\/\/yoast.com\/wordpress\/plugins\/seo\/ -->\n<title>Conhe\u00e7a nossa hist\u00f3ria! A quase 40 anos em Ribeir\u00e3o | Suave Blog<\/title>\n<meta name=\"description\" content=\"Conhe\u00e7a nossa hist\u00f3ria! A quase 40 anos no mercado de Ribeir\u00e3o Preto. Saiba quais nossos objetivos, metas, valores e muito mais! Saiba mais aqui! Blog Suave\" \/>\n<meta name=\"robots\" content=\"index, follow, max-snippet:-1, max-image-preview:large, max-video-preview:-1\" \/>\n<link rel=\"canonical\" href=\"https:\/\/www.suave.ppg.br\/blog\/conheca-nossa-historia-a-quase-40-anos-em-ribeirao-suave-blog\/\" \/>\n<meta property=\"og:locale\" content=\"pt_BR\" \/>\n<meta property=\"og:type\" content=\"article\" \/>\n<meta property=\"og:title\" content=\"Conhe\u00e7a nossa hist\u00f3ria! A quase 40 anos em Ribeir\u00e3o | Suave Blog\" \/>\n<meta property=\"og:description\" content=\"Conhe\u00e7a nossa hist\u00f3ria! A quase 40 anos no mercado de Ribeir\u00e3o Preto. Saiba quais nossos objetivos, metas, valores e muito mais! Saiba mais aqui! Blog Suave\" \/>\n<meta property=\"og:url\" content=\"https:\/\/www.suave.ppg.br\/blog\/conheca-nossa-historia-a-quase-40-anos-em-ribeirao-suave-blog\/\" \/>\n<meta property=\"og:site_name\" content=\"Confira os melhores conte\u00fados sobre comunica\u00e7\u00e3o e marketing de Ribeir\u00e3o Preto\" \/>\n<meta property=\"article:published_time\" content=\"2020-06-18T22:10:39+00:00\" \/>\n<meta property=\"article:modified_time\" content=\"2022-01-11T17:05:17+00:00\" \/>\n<meta property=\"og:image\" content=\"https:\/\/www.suave.ppg.br\/blog\/wp-content\/uploads\/2020\/06\/2-1220x686.png\" \/>\n\t<meta property=\"og:image:width\" content=\"1220\" \/>\n\t<meta property=\"og:image:height\" content=\"686\" \/>\n\t<meta property=\"og:image:type\" content=\"image\/png\" \/>\n<meta name=\"author\" content=\"Juliana Dias\" \/>\n<meta name=\"twitter:card\" content=\"summary_large_image\" \/>\n<meta name=\"twitter:label1\" content=\"Escrito por\" \/>\n\t<meta name=\"twitter:data1\" content=\"Juliana Dias\" \/>\n\t<meta name=\"twitter:label2\" content=\"Est. tempo de leitura\" \/>\n\t<meta name=\"twitter:data2\" content=\"4 minutos\" \/>\n<script type=\"application\/ld+json\" class=\"yoast-schema-graph\">{\"@context\":\"https:\/\/schema.org\",\"@graph\":[{\"@type\":\"WebPage\",\"@id\":\"https:\/\/www.suave.ppg.br\/blog\/conheca-nossa-historia-a-quase-40-anos-em-ribeirao-suave-blog\/\",\"url\":\"https:\/\/www.suave.ppg.br\/blog\/conheca-nossa-historia-a-quase-40-anos-em-ribeirao-suave-blog\/\",\"name\":\"Conhe\u00e7a nossa hist\u00f3ria! A quase 40 anos em Ribeir\u00e3o | Suave Blog\",\"isPartOf\":{\"@id\":\"https:\/\/www.suave.ppg.br\/blog\/#website\"},\"primaryImageOfPage\":{\"@id\":\"https:\/\/www.suave.ppg.br\/blog\/conheca-nossa-historia-a-quase-40-anos-em-ribeirao-suave-blog\/#primaryimage\"},\"image\":{\"@id\":\"https:\/\/www.suave.ppg.br\/blog\/conheca-nossa-historia-a-quase-40-anos-em-ribeirao-suave-blog\/#primaryimage\"},\"thumbnailUrl\":\"https:\/\/www.suave.ppg.br\/blog\/wp-content\/uploads\/2020\/06\/2.png\",\"datePublished\":\"2020-06-18T22:10:39+00:00\",\"dateModified\":\"2022-01-11T17:05:17+00:00\",\"author\":{\"@id\":\"https:\/\/www.suave.ppg.br\/blog\/#\/schema\/person\/ab13308d537e28179119291866a804b9\"},\"description\":\"Conhe\u00e7a nossa hist\u00f3ria! A quase 40 anos no mercado de Ribeir\u00e3o Preto. Saiba quais nossos objetivos, metas, valores e muito mais! Saiba mais aqui! Blog Suave\",\"breadcrumb\":{\"@id\":\"https:\/\/www.suave.ppg.br\/blog\/conheca-nossa-historia-a-quase-40-anos-em-ribeirao-suave-blog\/#breadcrumb\"},\"inLanguage\":\"pt-BR\",\"potentialAction\":[{\"@type\":\"ReadAction\",\"target\":[\"https:\/\/www.suave.ppg.br\/blog\/conheca-nossa-historia-a-quase-40-anos-em-ribeirao-suave-blog\/\"]}]},{\"@type\":\"ImageObject\",\"inLanguage\":\"pt-BR\",\"@id\":\"https:\/\/www.suave.ppg.br\/blog\/conheca-nossa-historia-a-quase-40-anos-em-ribeirao-suave-blog\/#primaryimage\",\"url\":\"https:\/\/www.suave.ppg.br\/blog\/wp-content\/uploads\/2020\/06\/2.png\",\"contentUrl\":\"https:\/\/www.suave.ppg.br\/blog\/wp-content\/uploads\/2020\/06\/2.png\",\"width\":1920,\"height\":1080},{\"@type\":\"BreadcrumbList\",\"@id\":\"https:\/\/www.suave.ppg.br\/blog\/conheca-nossa-historia-a-quase-40-anos-em-ribeirao-suave-blog\/#breadcrumb\",\"itemListElement\":[{\"@type\":\"ListItem\",\"position\":1,\"name\":\"In\u00edcio\",\"item\":\"https:\/\/www.suave.ppg.br\/blog\/\"},{\"@type\":\"ListItem\",\"position\":2,\"name\":\"Suave participa h\u00e1 quase 40 anos da hist\u00f3ria de Ribeir\u00e3o Preto!\"}]},{\"@type\":\"WebSite\",\"@id\":\"https:\/\/www.suave.ppg.br\/blog\/#website\",\"url\":\"https:\/\/www.suave.ppg.br\/blog\/\",\"name\":\"Confira os melhores conte\u00fados sobre comunica\u00e7\u00e3o e marketing de Ribeir\u00e3o Preto\",\"description\":\"Suave\",\"potentialAction\":[{\"@type\":\"SearchAction\",\"target\":{\"@type\":\"EntryPoint\",\"urlTemplate\":\"https:\/\/www.suave.ppg.br\/blog\/?s={search_term_string}\"},\"query-input\":{\"@type\":\"PropertyValueSpecification\",\"valueRequired\":true,\"valueName\":\"search_term_string\"}}],\"inLanguage\":\"pt-BR\"},{\"@type\":\"Person\",\"@id\":\"https:\/\/www.suave.ppg.br\/blog\/#\/schema\/person\/ab13308d537e28179119291866a804b9\",\"name\":\"Juliana Dias\",\"image\":{\"@type\":\"ImageObject\",\"inLanguage\":\"pt-BR\",\"@id\":\"https:\/\/www.suave.ppg.br\/blog\/#\/schema\/person\/image\/\",\"url\":\"https:\/\/secure.gravatar.com\/avatar\/4ea205d848ce8819cf411dcfba0f1bf5?s=96&d=mm&r=g\",\"contentUrl\":\"https:\/\/secure.gravatar.com\/avatar\/4ea205d848ce8819cf411dcfba0f1bf5?s=96&d=mm&r=g\",\"caption\":\"Juliana Dias\"},\"url\":\"https:\/\/www.suave.ppg.br\/blog\/author\/juliana-dias\/\"}]}<\/script>\n<!-- \/ Yoast SEO plugin. -->","yoast_head_json":{"title":"Conhe\u00e7a nossa hist\u00f3ria! A quase 40 anos em Ribeir\u00e3o | Suave Blog","description":"Conhe\u00e7a nossa hist\u00f3ria! A quase 40 anos no mercado de Ribeir\u00e3o Preto. Saiba quais nossos objetivos, metas, valores e muito mais! Saiba mais aqui! Blog Suave","robots":{"index":"index","follow":"follow","max-snippet":"max-snippet:-1","max-image-preview":"max-image-preview:large","max-video-preview":"max-video-preview:-1"},"canonical":"https:\/\/www.suave.ppg.br\/blog\/conheca-nossa-historia-a-quase-40-anos-em-ribeirao-suave-blog\/","og_locale":"pt_BR","og_type":"article","og_title":"Conhe\u00e7a nossa hist\u00f3ria! A quase 40 anos em Ribeir\u00e3o | Suave Blog","og_description":"Conhe\u00e7a nossa hist\u00f3ria! A quase 40 anos no mercado de Ribeir\u00e3o Preto. Saiba quais nossos objetivos, metas, valores e muito mais! Saiba mais aqui! Blog Suave","og_url":"https:\/\/www.suave.ppg.br\/blog\/conheca-nossa-historia-a-quase-40-anos-em-ribeirao-suave-blog\/","og_site_name":"Confira os melhores conte\u00fados sobre comunica\u00e7\u00e3o e marketing de Ribeir\u00e3o Preto","article_published_time":"2020-06-18T22:10:39+00:00","article_modified_time":"2022-01-11T17:05:17+00:00","og_image":[{"width":1220,"height":686,"url":"https:\/\/www.suave.ppg.br\/blog\/wp-content\/uploads\/2020\/06\/2-1220x686.png","type":"image\/png"}],"author":"Juliana Dias","twitter_card":"summary_large_image","twitter_misc":{"Escrito por":"Juliana Dias","Est. tempo de leitura":"4 minutos"},"schema":{"@context":"https:\/\/schema.org","@graph":[{"@type":"WebPage","@id":"https:\/\/www.suave.ppg.br\/blog\/conheca-nossa-historia-a-quase-40-anos-em-ribeirao-suave-blog\/","url":"https:\/\/www.suave.ppg.br\/blog\/conheca-nossa-historia-a-quase-40-anos-em-ribeirao-suave-blog\/","name":"Conhe\u00e7a nossa hist\u00f3ria! A quase 40 anos em Ribeir\u00e3o | Suave Blog","isPartOf":{"@id":"https:\/\/www.suave.ppg.br\/blog\/#website"},"primaryImageOfPage":{"@id":"https:\/\/www.suave.ppg.br\/blog\/conheca-nossa-historia-a-quase-40-anos-em-ribeirao-suave-blog\/#primaryimage"},"image":{"@id":"https:\/\/www.suave.ppg.br\/blog\/conheca-nossa-historia-a-quase-40-anos-em-ribeirao-suave-blog\/#primaryimage"},"thumbnailUrl":"https:\/\/www.suave.ppg.br\/blog\/wp-content\/uploads\/2020\/06\/2.png","datePublished":"2020-06-18T22:10:39+00:00","dateModified":"2022-01-11T17:05:17+00:00","author":{"@id":"https:\/\/www.suave.ppg.br\/blog\/#\/schema\/person\/ab13308d537e28179119291866a804b9"},"description":"Conhe\u00e7a nossa hist\u00f3ria! A quase 40 anos no mercado de Ribeir\u00e3o Preto. Saiba quais nossos objetivos, metas, valores e muito mais! Saiba mais aqui! Blog Suave","breadcrumb":{"@id":"https:\/\/www.suave.ppg.br\/blog\/conheca-nossa-historia-a-quase-40-anos-em-ribeirao-suave-blog\/#breadcrumb"},"inLanguage":"pt-BR","potentialAction":[{"@type":"ReadAction","target":["https:\/\/www.suave.ppg.br\/blog\/conheca-nossa-historia-a-quase-40-anos-em-ribeirao-suave-blog\/"]}]},{"@type":"ImageObject","inLanguage":"pt-BR","@id":"https:\/\/www.suave.ppg.br\/blog\/conheca-nossa-historia-a-quase-40-anos-em-ribeirao-suave-blog\/#primaryimage","url":"https:\/\/www.suave.ppg.br\/blog\/wp-content\/uploads\/2020\/06\/2.png","contentUrl":"https:\/\/www.suave.ppg.br\/blog\/wp-content\/uploads\/2020\/06\/2.png","width":1920,"height":1080},{"@type":"BreadcrumbList","@id":"https:\/\/www.suave.ppg.br\/blog\/conheca-nossa-historia-a-quase-40-anos-em-ribeirao-suave-blog\/#breadcrumb","itemListElement":[{"@type":"ListItem","position":1,"name":"In\u00edcio","item":"https:\/\/www.suave.ppg.br\/blog\/"},{"@type":"ListItem","position":2,"name":"Suave participa h\u00e1 quase 40 anos da hist\u00f3ria de Ribeir\u00e3o Preto!"}]},{"@type":"WebSite","@id":"https:\/\/www.suave.ppg.br\/blog\/#website","url":"https:\/\/www.suave.ppg.br\/blog\/","name":"Confira os melhores conte\u00fados sobre comunica\u00e7\u00e3o e marketing de Ribeir\u00e3o Preto","description":"Suave","potentialAction":[{"@type":"SearchAction","target":{"@type":"EntryPoint","urlTemplate":"https:\/\/www.suave.ppg.br\/blog\/?s={search_term_string}"},"query-input":{"@type":"PropertyValueSpecification","valueRequired":true,"valueName":"search_term_string"}}],"inLanguage":"pt-BR"},{"@type":"Person","@id":"https:\/\/www.suave.ppg.br\/blog\/#\/schema\/person\/ab13308d537e28179119291866a804b9","name":"Juliana Dias","image":{"@type":"ImageObject","inLanguage":"pt-BR","@id":"https:\/\/www.suave.ppg.br\/blog\/#\/schema\/person\/image\/","url":"https:\/\/secure.gravatar.com\/avatar\/4ea205d848ce8819cf411dcfba0f1bf5?s=96&d=mm&r=g","contentUrl":"https:\/\/secure.gravatar.com\/avatar\/4ea205d848ce8819cf411dcfba0f1bf5?s=96&d=mm&r=g","caption":"Juliana Dias"},"url":"https:\/\/www.suave.ppg.br\/blog\/author\/juliana-dias\/"}]}},"_links":{"self":[{"href":"https:\/\/www.suave.ppg.br\/blog\/wp-json\/wp\/v2\/posts\/996"}],"collection":[{"href":"https:\/\/www.suave.ppg.br\/blog\/wp-json\/wp\/v2\/posts"}],"about":[{"href":"https:\/\/www.suave.ppg.br\/blog\/wp-json\/wp\/v2\/types\/post"}],"author":[{"embeddable":true,"href":"https:\/\/www.suave.ppg.br\/blog\/wp-json\/wp\/v2\/users\/14"}],"replies":[{"embeddable":true,"href":"https:\/\/www.suave.ppg.br\/blog\/wp-json\/wp\/v2\/comments?post=996"}],"version-history":[{"count":1,"href":"https:\/\/www.suave.ppg.br\/blog\/wp-json\/wp\/v2\/posts\/996\/revisions"}],"predecessor-version":[{"id":1001,"href":"https:\/\/www.suave.ppg.br\/blog\/wp-json\/wp\/v2\/posts\/996\/revisions\/1001"}],"wp:featuredmedia":[{"embeddable":true,"href":"https:\/\/www.suave.ppg.br\/blog\/wp-json\/wp\/v2\/media\/1000"}],"wp:attachment":[{"href":"https:\/\/www.suave.ppg.br\/blog\/wp-json\/wp\/v2\/media?parent=996"}],"wp:term":[{"taxonomy":"category","embeddable":true,"href":"https:\/\/www.suave.ppg.br\/blog\/wp-json\/wp\/v2\/categories?post=996"},{"taxonomy":"post_tag","embeddable":true,"href":"https:\/\/www.suave.ppg.br\/blog\/wp-json\/wp\/v2\/tags?post=996"}],"curies":[{"name":"wp","href":"https:\/\/api.w.org\/{rel}","templated":true}]}}